{"id":87020,"date":"2026-02-11T15:34:47","date_gmt":"2026-02-11T12:34:47","guid":{"rendered":"https:\/\/www.egemtv.com\/?p=87020"},"modified":"2026-02-11T15:34:47","modified_gmt":"2026-02-11T12:34:47","slug":"ege-denizinde-firtina-bekleniyor-6","status":"publish","type":"post","link":"https:\/\/www.egemtv.com\/?p=87020","title":{"rendered":"Ege Denizi\u2019nde f\u0131rt\u0131na bekleniyor"},"content":{"rendered":"<p>Ege Denizi\u2019nin g\u00fcneyinde sabah saatlerinden itibaren r\u00fczgar\u0131n f\u0131rt\u0131na \u015feklinde esmesi bekleniyor.<\/p>\n<p>Meteoroloji verilerine g\u00f6re, G\u00fcney Ege\u2019de r\u00fczgar\u0131n, yar\u0131n (12.02.2026) g\u00fcn\u00fcn ilk saatlerinden itibaren g\u00fcney ve g\u00fcneydo\u011fudan, sabah saatlerinden itibaren g\u00fcneybat\u0131dan 6 ila 8 kuvvetinde (50-75 km\/saat) f\u0131rt\u0131na \u015feklinde esece\u011fi tahmin ediliyor. F\u0131rt\u0131nan\u0131n Cuma (13.02.2026) g\u00fcn\u00fc \u00f6\u011fle saatlerinden sonra kuzeyinde ak\u015fam saatlerinde g\u00fcneyinde etkisini kaybetmesi bekleniyor.<br \/><\/p>\n","protected":false},"excerpt":{"rendered":"<p>Ege Denizi\u2019nin g\u00fcneyinde sabah saatlerinden itibaren r\u00fczgar\u0131n f\u0131rt\u0131na \u015feklinde esmesi bekleniyor. Meteoroloji verilerine g\u00f6re, G\u00fcney Ege\u2019de r\u00fczgar\u0131n, yar\u0131n (12.02.2026) g\u00fcn\u00fcn ilk saatlerinden itibaren g\u00fcney ve g\u00fcneydo\u011fudan, sabah saatlerinden itibaren g\u00fcneybat\u0131dan 6 ila 8 kuvvetinde (50-75 km\/saat) f\u0131rt\u0131na \u015feklinde esece\u011fi tahmin ediliyor. F\u0131rt\u0131nan\u0131n Cuma (13.02.2026) g\u00fcn\u00fc \u00f6\u011fle saatlerinden sonra kuzeyinde ak\u015fam saatlerinde g\u00fcneyinde etkisini kaybetmesi bekleniyor.<\/p>\n","protected":false},"author":1,"featured_media":87021,"comment_status":"open","ping_status":"open","sticky":false,"template":"","format":"standard","meta":{"_crdt_document":"","footnotes":""},"categories":[1],"tags":[],"class_list":["post-87020","post","type-post","status-publish","format-standard","has-post-thumbnail","hentry","category-guncel"],"_links":{"self":[{"href":"https:\/\/www.egemtv.com\/index.php?rest_route=\/wp\/v2\/posts\/87020","targetHints":{"allow":["GET"]}}],"collection":[{"href":"https:\/\/www.egemtv.com\/index.php?rest_route=\/wp\/v2\/posts"}],"about":[{"href":"https:\/\/www.egemtv.com\/index.php?rest_route=\/wp\/v2\/types\/post"}],"author":[{"embeddable":true,"href":"https:\/\/www.egemtv.com\/index.php?rest_route=\/wp\/v2\/users\/1"}],"replies":[{"embeddable":true,"href":"https:\/\/www.egemtv.com\/index.php?rest_route=%2Fwp%2Fv2%2Fcomments&post=87020"}],"version-history":[{"count":1,"href":"https:\/\/www.egemtv.com\/index.php?rest_route=\/wp\/v2\/posts\/87020\/revisions"}],"predecessor-version":[{"id":87022,"href":"https:\/\/www.egemtv.com\/index.php?rest_route=\/wp\/v2\/posts\/87020\/revisions\/87022"}],"wp:featuredmedia":[{"embeddable":true,"href":"https:\/\/www.egemtv.com\/index.php?rest_route=\/wp\/v2\/media\/87021"}],"wp:attachment":[{"href":"https:\/\/www.egemtv.com\/index.php?rest_route=%2Fwp%2Fv2%2Fmedia&parent=87020"}],"wp:term":[{"taxonomy":"category","embeddable":true,"href":"https:\/\/www.egemtv.com\/index.php?rest_route=%2Fwp%2Fv2%2Fcategories&post=87020"},{"taxonomy":"post_tag","embeddable":true,"href":"https:\/\/www.egemtv.com\/index.php?rest_route=%2Fwp%2Fv2%2Ftags&post=87020"}],"curies":[{"name":"wp","href":"https:\/\/api.w.org\/{rel}","templated":true}]}}