{"id":87005,"date":"2026-02-11T14:54:47","date_gmt":"2026-02-11T11:54:47","guid":{"rendered":"https:\/\/www.egemtv.com\/?p=87005"},"modified":"2026-02-11T14:54:47","modified_gmt":"2026-02-11T11:54:47","slug":"freni-patlayan-minibus-kaldirimdaki-yayayi-boyle-carpti","status":"publish","type":"post","link":"https:\/\/www.egemtv.com\/?p=87005","title":{"rendered":"Freni patlayan minib\u00fcs, kald\u0131r\u0131mdaki yayay\u0131 b\u00f6yle \u00e7arpt\u0131"},"content":{"rendered":"<p>\u0130zmir\u2019in Buca il\u00e7esinde freni patlayan minib\u00fcs\u00fcn kald\u0131r\u0131mdaki yayaya \u00e7arpt\u0131ktan sonra bir i\u015f yerine dald\u0131\u011f\u0131 korkun\u00e7 anlar, g\u00fcvenlik kameras\u0131na saniye saniye yans\u0131d\u0131. Kazada kald\u0131r\u0131mda y\u00fcr\u00fcrken minib\u00fcs\u00fcn alt\u0131nda kalmaktan son anda kurtulmaya \u00e7al\u0131\u015fan bir yaya ve minib\u00fcs s\u00fcr\u00fcc\u00fcs\u00fc yaraland\u0131.<br \/>\n<br \/>Olay, bug\u00fcn saat 11.00 s\u0131ralar\u0131nda Buca il\u00e7esi Menderes Caddesi Efeler Mahallesi\u2019nde meydana geldi. Edinilen bilgiye g\u00f6re, seyir halindeki bir minib\u00fcs\u00fcn iddiaya g\u00f6re freni patlad\u0131. Kontrolden \u00e7\u0131kan ve h\u0131zla ilerleyen minib\u00fcs, \u00f6nce yolun kar\u015f\u0131s\u0131na ge\u00e7erek bir dolmu\u015fa, ard\u0131ndan kald\u0131r\u0131mda y\u00fcr\u00fcyen bir vatanda\u015fa \u00e7arpt\u0131. Kontrols\u00fczce ilerleyen ara\u00e7, bir i\u015f yerinin duvar\u0131na \u00e7arparak ancak durabildi.<\/p>\n<p>Ka\u00e7maya \u00e7al\u0131\u015ft\u0131 ama kurtulamad\u0131<br \/>\n<br \/>Kaza an\u0131 \u00e7evredeki bir i\u015f yerinin g\u00fcvenlik kameras\u0131 taraf\u0131ndan anbean kaydedildi. G\u00f6r\u00fcnt\u00fcde; minib\u00fcs\u00fcn h\u0131zla \u00fczerine do\u011fru geldi\u011fini fark eden yayan\u0131n panikle ka\u00e7maya \u00e7al\u0131\u015ft\u0131\u011f\u0131 ancak arac\u0131n \u00e7arpmas\u0131ndan kurtulamad\u0131\u011f\u0131 g\u00f6r\u00fcl\u00fcyor. \u00c7arpman\u0131n \u015fiddetiyle savrulan adam ve minib\u00fcs s\u00fcr\u00fcc\u00fcs\u00fc, \u00e7evredeki vatanda\u015flar\u0131n ihbar\u0131 \u00fczerine olay yerine gelen sa\u011fl\u0131k ekiplerince ilk m\u00fcdahaleleri yap\u0131larak ambulansla hastaneye kald\u0131r\u0131ld\u0131. Hastaneye sevk edilen yaral\u0131lar\u0131n hayati tehlikelerinin bulunmad\u0131\u011f\u0131 \u00f6\u011frenildi.<\/p>\n<p>Kaza sonras\u0131 olay yerine gelen polis ekipleri, caddede g\u00fcvenlik \u00f6nlemleri alarak incelemelerde bulundu. Kazayla ilgili ba\u015flat\u0131lan soru\u015fturma devam ediyor.<br \/><\/p>\n","protected":false},"excerpt":{"rendered":"<p>\u0130zmir\u2019in Buca il\u00e7esinde freni patlayan minib\u00fcs\u00fcn kald\u0131r\u0131mdaki yayaya \u00e7arpt\u0131ktan sonra bir i\u015f yerine dald\u0131\u011f\u0131 korkun\u00e7 anlar, g\u00fcvenlik kameras\u0131na saniye saniye yans\u0131d\u0131. Kazada kald\u0131r\u0131mda y\u00fcr\u00fcrken minib\u00fcs\u00fcn alt\u0131nda kalmaktan son anda kurtulmaya \u00e7al\u0131\u015fan bir yaya ve minib\u00fcs s\u00fcr\u00fcc\u00fcs\u00fc yaraland\u0131. Olay, bug\u00fcn saat 11.00 s\u0131ralar\u0131nda Buca il\u00e7esi Menderes Caddesi Efeler Mahallesi\u2019nde meydana geldi. Edinilen bilgiye g\u00f6re, seyir halindeki&#8230;<\/p>\n","protected":false},"author":1,"featured_media":87006,"comment_status":"open","ping_status":"open","sticky":false,"template":"","format":"standard","meta":{"_crdt_document":"","footnotes":""},"categories":[5],"tags":[],"class_list":["post-87005","post","type-post","status-publish","format-standard","has-post-thumbnail","hentry","category-asayis"],"_links":{"self":[{"href":"https:\/\/www.egemtv.com\/index.php?rest_route=\/wp\/v2\/posts\/87005","targetHints":{"allow":["GET"]}}],"collection":[{"href":"https:\/\/www.egemtv.com\/index.php?rest_route=\/wp\/v2\/posts"}],"about":[{"href":"https:\/\/www.egemtv.com\/index.php?rest_route=\/wp\/v2\/types\/post"}],"author":[{"embeddable":true,"href":"https:\/\/www.egemtv.com\/index.php?rest_route=\/wp\/v2\/users\/1"}],"replies":[{"embeddable":true,"href":"https:\/\/www.egemtv.com\/index.php?rest_route=%2Fwp%2Fv2%2Fcomments&post=87005"}],"version-history":[{"count":1,"href":"https:\/\/www.egemtv.com\/index.php?rest_route=\/wp\/v2\/posts\/87005\/revisions"}],"predecessor-version":[{"id":87007,"href":"https:\/\/www.egemtv.com\/index.php?rest_route=\/wp\/v2\/posts\/87005\/revisions\/87007"}],"wp:featuredmedia":[{"embeddable":true,"href":"https:\/\/www.egemtv.com\/index.php?rest_route=\/wp\/v2\/media\/87006"}],"wp:attachment":[{"href":"https:\/\/www.egemtv.com\/index.php?rest_route=%2Fwp%2Fv2%2Fmedia&parent=87005"}],"wp:term":[{"taxonomy":"category","embeddable":true,"href":"https:\/\/www.egemtv.com\/index.php?rest_route=%2Fwp%2Fv2%2Fcategories&post=87005"},{"taxonomy":"post_tag","embeddable":true,"href":"https:\/\/www.egemtv.com\/index.php?rest_route=%2Fwp%2Fv2%2Ftags&post=87005"}],"curies":[{"name":"wp","href":"https:\/\/api.w.org\/{rel}","templated":true}]}}