{"id":87002,"date":"2026-02-11T14:54:45","date_gmt":"2026-02-11T11:54:45","guid":{"rendered":"https:\/\/www.egemtv.com\/?p=87002"},"modified":"2026-02-11T14:54:46","modified_gmt":"2026-02-11T11:54:46","slug":"aydina-kuvvetli-saganak-yagis-uyarisi-2","status":"publish","type":"post","link":"https:\/\/www.egemtv.com\/?p=87002","title":{"rendered":"Ayd\u0131n\u2019a kuvvetli sa\u011fanak ya\u011f\u0131\u015f uyar\u0131s\u0131"},"content":{"rendered":"<p>Ayd\u0131n\u2019da yar\u0131n sabah saatlerinden itibaren kuvvetli sa\u011fanak ya\u011f\u0131\u015fl\u0131 havan\u0131n etkili olmas\u0131 bekleniyor.<br \/>\n<br \/>Meteoroloji\u2019den yap\u0131lan a\u00e7\u0131klamada, &#8220;Yap\u0131lan son de\u011ferlendirmelere g\u00f6re; Ayd\u0131n il genelinde g\u00f6r\u00fclecek sa\u011fanak ve g\u00f6k g\u00fcr\u00fclt\u00fcl\u00fc sa\u011fanak ya\u011f\u0131\u015flar\u0131n, yar\u0131n (Per\u015fembe) sabah ilk saatlerden itibaren il genelinde kuvvetli yer yer \u00e7ok kuvvetli (25-60 kg\/m2) olmas\u0131 bekleniyor. Kuvvetli ya\u011f\u0131\u015flar\u0131n yar\u0131n (Per\u015fembe) ak\u015fam saatlerinde etkisini kaybetmesi bekleniyor&#8221; denildi.<br \/><\/p>\n","protected":false},"excerpt":{"rendered":"<p>Ayd\u0131n\u2019da yar\u0131n sabah saatlerinden itibaren kuvvetli sa\u011fanak ya\u011f\u0131\u015fl\u0131 havan\u0131n etkili olmas\u0131 bekleniyor. Meteoroloji\u2019den yap\u0131lan a\u00e7\u0131klamada, &#8220;Yap\u0131lan son de\u011ferlendirmelere g\u00f6re; Ayd\u0131n il genelinde g\u00f6r\u00fclecek sa\u011fanak ve g\u00f6k g\u00fcr\u00fclt\u00fcl\u00fc sa\u011fanak ya\u011f\u0131\u015flar\u0131n, yar\u0131n (Per\u015fembe) sabah ilk saatlerden itibaren il genelinde kuvvetli yer yer \u00e7ok kuvvetli (25-60 kg\/m2) olmas\u0131 bekleniyor. Kuvvetli ya\u011f\u0131\u015flar\u0131n yar\u0131n (Per\u015fembe) ak\u015fam saatlerinde etkisini kaybetmesi bekleniyor&#8221;&#8230;<\/p>\n","protected":false},"author":1,"featured_media":87003,"comment_status":"open","ping_status":"open","sticky":false,"template":"","format":"standard","meta":{"_crdt_document":"","footnotes":""},"categories":[1],"tags":[],"class_list":["post-87002","post","type-post","status-publish","format-standard","has-post-thumbnail","hentry","category-guncel"],"_links":{"self":[{"href":"https:\/\/www.egemtv.com\/index.php?rest_route=\/wp\/v2\/posts\/87002","targetHints":{"allow":["GET"]}}],"collection":[{"href":"https:\/\/www.egemtv.com\/index.php?rest_route=\/wp\/v2\/posts"}],"about":[{"href":"https:\/\/www.egemtv.com\/index.php?rest_route=\/wp\/v2\/types\/post"}],"author":[{"embeddable":true,"href":"https:\/\/www.egemtv.com\/index.php?rest_route=\/wp\/v2\/users\/1"}],"replies":[{"embeddable":true,"href":"https:\/\/www.egemtv.com\/index.php?rest_route=%2Fwp%2Fv2%2Fcomments&post=87002"}],"version-history":[{"count":1,"href":"https:\/\/www.egemtv.com\/index.php?rest_route=\/wp\/v2\/posts\/87002\/revisions"}],"predecessor-version":[{"id":87004,"href":"https:\/\/www.egemtv.com\/index.php?rest_route=\/wp\/v2\/posts\/87002\/revisions\/87004"}],"wp:featuredmedia":[{"embeddable":true,"href":"https:\/\/www.egemtv.com\/index.php?rest_route=\/wp\/v2\/media\/87003"}],"wp:attachment":[{"href":"https:\/\/www.egemtv.com\/index.php?rest_route=%2Fwp%2Fv2%2Fmedia&parent=87002"}],"wp:term":[{"taxonomy":"category","embeddable":true,"href":"https:\/\/www.egemtv.com\/index.php?rest_route=%2Fwp%2Fv2%2Fcategories&post=87002"},{"taxonomy":"post_tag","embeddable":true,"href":"https:\/\/www.egemtv.com\/index.php?rest_route=%2Fwp%2Fv2%2Ftags&post=87002"}],"curies":[{"name":"wp","href":"https:\/\/api.w.org\/{rel}","templated":true}]}}