{"id":86999,"date":"2026-02-11T14:34:52","date_gmt":"2026-02-11T11:34:52","guid":{"rendered":"https:\/\/www.egemtv.com\/?p=86999"},"modified":"2026-02-11T14:34:52","modified_gmt":"2026-02-11T11:34:52","slug":"denizlide-2025-yilinda-alabalik-ureticisine-38-milyon-tl-destek-saglandi","status":"publish","type":"post","link":"https:\/\/www.egemtv.com\/?p=86999","title":{"rendered":"Denizli\u2019de 2025 y\u0131l\u0131nda alabal\u0131k \u00fcreticisine 3,8 milyon TL destek sa\u011fland\u0131"},"content":{"rendered":"<p>Denizli \u0130l Tar\u0131m ve Orman M\u00fcd\u00fcrl\u00fc\u011f\u00fc, alabal\u0131k yeti\u015ftiricilerine 3,2 milyon TL, k\u00fc\u00e7\u00fck \u00f6l\u00e7ekli bal\u0131k\u00e7\u0131lara 589 bin TL destek vererek su \u00fcr\u00fcnleri sekt\u00f6r\u00fcn\u00fc g\u00fc\u00e7lendirdi, ekosistemi korumak i\u00e7in 1 milyon yavru sazan\u0131 baraj ve g\u00f6letlere b\u0131rakt\u0131.<br \/>\n<br \/>Denizli \u0130l Tar\u0131m ve Orman M\u00fcd\u00fcrl\u00fc\u011f\u00fc, 2025 y\u0131l\u0131 boyunca su \u00fcr\u00fcnleri kaynaklar\u0131n\u0131n korunmas\u0131, s\u00fcrd\u00fcr\u00fclebilir bal\u0131k\u00e7\u0131l\u0131\u011f\u0131n desteklenmesi ve \u00fcreticilerin refah\u0131n\u0131n art\u0131r\u0131lmas\u0131 amac\u0131yla y\u00fcr\u00fctt\u00fc\u011f\u00fc \u00e7al\u0131\u015fmalar\u0131 tamamlad\u0131. Yap\u0131lan \u00e7al\u0131\u015fmalar sayesinde Denizli, i\u00e7 su bal\u0131k\u00e7\u0131l\u0131\u011f\u0131nda hem \u00fcretim kapasitesi hem de denetim disipliniyle b\u00f6lgenin \u00f6ne \u00e7\u0131kan illerinden biri olmay\u0131 s\u00fcrd\u00fcrd\u00fc. Alabal\u0131k yeti\u015ftiricilerinin mali y\u00fck\u00fcn\u00fc hafifletmek amac\u0131yla il genelinde faaliyet g\u00f6steren 54 \u00fcreticiye toplam 3,2 milyon TL destek \u00f6demesi yap\u0131ld\u0131. Ayr\u0131ca, 74 bal\u0131k\u00e7\u0131 teknesi sahibine 589 bin TL k\u00fc\u00e7\u00fck \u00f6l\u00e7ekli bal\u0131k\u00e7\u0131l\u0131k deste\u011fi sa\u011flanarak sekt\u00f6rde ekonomik canl\u0131l\u0131k olu\u015fturuldu. Bu ad\u0131mlar, \u00fcreticilerin refah\u0131n\u0131 art\u0131r\u0131rken Denizli\u2019de su \u00fcr\u00fcnleri sekt\u00f6r\u00fcn\u00fcn b\u00fcy\u00fcmesini destekledi.<br \/>\n<br \/>S\u00fcrd\u00fcr\u00fclebilir bal\u0131k\u00e7\u0131l\u0131k ve ekosistemin korunmas\u0131 i\u00e7in de \u00f6nemli \u00e7al\u0131\u015fmalar ger\u00e7ekle\u015ftirildi. &#8220;\u0130\u00e7 sular\u0131n bal\u0131kland\u0131r\u0131lmas\u0131&#8221; projesi kapsam\u0131nda 1 milyon 6 bin yavru sazan il\u00e7elerde bulunan baraj ve g\u00f6letlere b\u0131rak\u0131ld\u0131. Bu uygulama hem ekolojik dengenin korunmas\u0131n\u0131 hem de gelecekteki avc\u0131l\u0131k potansiyelinin art\u0131r\u0131lmas\u0131n\u0131 hedefliyor. Su \u00fcr\u00fcnleri kaynaklar\u0131n\u0131n ka\u00e7ak ve kontrols\u00fcz avc\u0131l\u0131ktan korunmas\u0131 amac\u0131yla 31 uzman g\u00f6revli sahada 7\/24 denetim yapt\u0131. Y\u0131l boyunca bin 925 su \u00fcr\u00fcnleri avc\u0131l\u0131k denetimi ve 425 yeti\u015ftiricilik tesisi denetimi ger\u00e7ekle\u015ftirildi. Denizli \u0130l Tar\u0131m ve Orman M\u00fcd\u00fcrl\u00fc\u011f\u00fc yetkilileri, &#8220;Denizli, alabal\u0131k yeti\u015ftiricili\u011finden i\u00e7 su avc\u0131l\u0131\u011f\u0131na kadar su \u00fcr\u00fcnlerinde ciddi bir potansiyele sahip. 2025 y\u0131l\u0131nda hem \u00fcreticimizin yan\u0131nda olduk hem de kaynaklar\u0131m\u0131z\u0131 koruma alt\u0131na ald\u0131k. 2026 y\u0131l\u0131nda da s\u00fcrd\u00fcr\u00fclebilir ve denetimli bal\u0131k\u00e7\u0131l\u0131k anlay\u0131\u015f\u0131m\u0131zdan taviz vermeden \u00e7al\u0131\u015fmaya devam edece\u011fiz&#8221; a\u00e7\u0131klamas\u0131nda bulundu.<br \/><\/p>\n","protected":false},"excerpt":{"rendered":"<p>Denizli \u0130l Tar\u0131m ve Orman M\u00fcd\u00fcrl\u00fc\u011f\u00fc, alabal\u0131k yeti\u015ftiricilerine 3,2 milyon TL, k\u00fc\u00e7\u00fck \u00f6l\u00e7ekli bal\u0131k\u00e7\u0131lara 589 bin TL destek vererek su \u00fcr\u00fcnleri sekt\u00f6r\u00fcn\u00fc g\u00fc\u00e7lendirdi, ekosistemi korumak i\u00e7in 1 milyon yavru sazan\u0131 baraj ve g\u00f6letlere b\u0131rakt\u0131. Denizli \u0130l Tar\u0131m ve Orman M\u00fcd\u00fcrl\u00fc\u011f\u00fc, 2025 y\u0131l\u0131 boyunca su \u00fcr\u00fcnleri kaynaklar\u0131n\u0131n korunmas\u0131, s\u00fcrd\u00fcr\u00fclebilir bal\u0131k\u00e7\u0131l\u0131\u011f\u0131n desteklenmesi ve \u00fcreticilerin refah\u0131n\u0131n art\u0131r\u0131lmas\u0131 amac\u0131yla&#8230;<\/p>\n","protected":false},"author":1,"featured_media":87000,"comment_status":"open","ping_status":"open","sticky":false,"template":"","format":"standard","meta":{"_crdt_document":"","footnotes":""},"categories":[125],"tags":[],"class_list":["post-86999","post","type-post","status-publish","format-standard","has-post-thumbnail","hentry","category-ekonomi"],"_links":{"self":[{"href":"https:\/\/www.egemtv.com\/index.php?rest_route=\/wp\/v2\/posts\/86999","targetHints":{"allow":["GET"]}}],"collection":[{"href":"https:\/\/www.egemtv.com\/index.php?rest_route=\/wp\/v2\/posts"}],"about":[{"href":"https:\/\/www.egemtv.com\/index.php?rest_route=\/wp\/v2\/types\/post"}],"author":[{"embeddable":true,"href":"https:\/\/www.egemtv.com\/index.php?rest_route=\/wp\/v2\/users\/1"}],"replies":[{"embeddable":true,"href":"https:\/\/www.egemtv.com\/index.php?rest_route=%2Fwp%2Fv2%2Fcomments&post=86999"}],"version-history":[{"count":1,"href":"https:\/\/www.egemtv.com\/index.php?rest_route=\/wp\/v2\/posts\/86999\/revisions"}],"predecessor-version":[{"id":87001,"href":"https:\/\/www.egemtv.com\/index.php?rest_route=\/wp\/v2\/posts\/86999\/revisions\/87001"}],"wp:featuredmedia":[{"embeddable":true,"href":"https:\/\/www.egemtv.com\/index.php?rest_route=\/wp\/v2\/media\/87000"}],"wp:attachment":[{"href":"https:\/\/www.egemtv.com\/index.php?rest_route=%2Fwp%2Fv2%2Fmedia&parent=86999"}],"wp:term":[{"taxonomy":"category","embeddable":true,"href":"https:\/\/www.egemtv.com\/index.php?rest_route=%2Fwp%2Fv2%2Fcategories&post=86999"},{"taxonomy":"post_tag","embeddable":true,"href":"https:\/\/www.egemtv.com\/index.php?rest_route=%2Fwp%2Fv2%2Ftags&post=86999"}],"curies":[{"name":"wp","href":"https:\/\/api.w.org\/{rel}","templated":true}]}}