{"id":86996,"date":"2026-02-11T14:34:51","date_gmt":"2026-02-11T11:34:51","guid":{"rendered":"https:\/\/www.egemtv.com\/?p=86996"},"modified":"2026-02-11T14:34:52","modified_gmt":"2026-02-11T11:34:52","slug":"denizlili-parataekwondo-sporculari-turkiye-sampiyonasinda-4-madalya-kazandi","status":"publish","type":"post","link":"https:\/\/www.egemtv.com\/?p=86996","title":{"rendered":"Denizlili Parataekwondo Sporcular\u0131 T\u00fcrkiye \u015eampiyonas\u0131nda 4 Madalya Kazand\u0131"},"content":{"rendered":"<p>T\u00fcrkiye Taekwondo Federasyonu taraf\u0131ndan d\u00fczenlenen Ye\u015filay T\u00fcrkiye Parataekwondo \u015eampiyonas\u0131\u2019nda Denizli\u2019yi temsil eden 6 sporcu, 2 alt\u0131n ve 2 g\u00fcm\u00fc\u015f madalya kazanarak b\u00fcy\u00fck bir ba\u015far\u0131ya imza att\u0131.<br \/>\n<br \/>T\u00fcrkiye\u2019nin d\u00f6rt bir yan\u0131ndan sporcular\u0131n kat\u0131ld\u0131\u011f\u0131 Ye\u015filay T\u00fcrkiye Parataekwondo \u015eampiyonas\u0131, 9-10 \u015eubat tarihlerinde Ankara Taha Akg\u00fcl Spor Salonu\u2019nda ger\u00e7ekle\u015ftirildi. Denizli\u2019yi 6 sporcu temsil ederken, y\u00fcksek tempolu ve \u00e7eki\u015fmeli kar\u015f\u0131la\u015fmalarda elde edilen 2 alt\u0131n ve 2 g\u00fcm\u00fc\u015f madalya, \u015fehrin parataekwondodaki y\u00fckseli\u015fini bir kez daha g\u00f6zler \u00f6n\u00fcne serdi. Milli sporcular Fatih G\u00fcltekin ve Zehra Orhan, tatamide sergiledikleri \u00fcst\u00fcn performansla \u015fampiyonaya damga vurdu. Zehra Orhan, K-44 65 kilogram kategorisinde rakiplerini geride b\u0131rakarak T\u00fcrkiye \u015eampiyonu oldu. Fatih G\u00fcltekin ise K-41 80 kilogram kategorisinde g\u00f6sterdi\u011fi ba\u015far\u0131l\u0131 m\u00fccadeleyle alt\u0131n madalyaya uzand\u0131. Sporcular\u0131n engel tan\u0131mayan azmi ve disiplinli \u00e7al\u0131\u015fmalar\u0131 bu b\u00fcy\u00fck ba\u015far\u0131n\u0131n temelini olu\u015fturdu. \u015eampiyonada m\u00fccadele eden di\u011fer Denizlili sporculardan Nuriye G\u00fcrel, Kad\u0131nlar K-44 +65 kilogram kategorisinde T\u00fcrkiye \u00fc\u00e7\u00fcnc\u00fcs\u00fc olarak bronz madalya kazand\u0131. Ebu Bekir Temel ise Erkekler K-44 63 kilogram kategorisinde k\u00fcrs\u00fcye \u00e7\u0131karak T\u00fcrkiye \u00fc\u00e7\u00fcnc\u00fcl\u00fc\u011f\u00fcn\u00fc elde etti. Sporcular\u0131n zorlu m\u00fcsabakalarda ortaya koydu\u011fu m\u00fccadele ruhu, Denizli\u2019nin parataekwondodaki y\u00fckseli\u015fini bir kez daha g\u00f6sterdi.<br \/>\n<br \/>Denizli Gen\u00e7lik ve Spor \u0130l M\u00fcd\u00fcr\u00fc S\u00fcleyman Erdo\u011fan, T\u00fcrkiye Para Taekwondo \u015eampiyonas\u0131\u2019nda derece elde eden sporcular\u0131n azim ve kararl\u0131l\u0131klar\u0131yla \u00f6nemli bir ba\u015far\u0131ya imza att\u0131\u011f\u0131n\u0131 belirtti. Erdo\u011fan, elde edilen madalyalar\u0131n Denizli ad\u0131na gurur verici oldu\u011funu vurgulayarak, sporcular\u0131n uluslararas\u0131 arenada ay-y\u0131ld\u0131zl\u0131 bayra\u011f\u0131m\u0131z\u0131 zirvede dalgaland\u0131raca\u011f\u0131na inand\u0131klar\u0131n\u0131 ifade etti.<br \/><\/p>\n","protected":false},"excerpt":{"rendered":"<p>T\u00fcrkiye Taekwondo Federasyonu taraf\u0131ndan d\u00fczenlenen Ye\u015filay T\u00fcrkiye Parataekwondo \u015eampiyonas\u0131\u2019nda Denizli\u2019yi temsil eden 6 sporcu, 2 alt\u0131n ve 2 g\u00fcm\u00fc\u015f madalya kazanarak b\u00fcy\u00fck bir ba\u015far\u0131ya imza att\u0131. T\u00fcrkiye\u2019nin d\u00f6rt bir yan\u0131ndan sporcular\u0131n kat\u0131ld\u0131\u011f\u0131 Ye\u015filay T\u00fcrkiye Parataekwondo \u015eampiyonas\u0131, 9-10 \u015eubat tarihlerinde Ankara Taha Akg\u00fcl Spor Salonu\u2019nda ger\u00e7ekle\u015ftirildi. Denizli\u2019yi 6 sporcu temsil ederken, y\u00fcksek tempolu ve \u00e7eki\u015fmeli kar\u015f\u0131la\u015fmalarda&#8230;<\/p>\n","protected":false},"author":1,"featured_media":86997,"comment_status":"open","ping_status":"open","sticky":false,"template":"","format":"standard","meta":{"_crdt_document":"","footnotes":""},"categories":[4],"tags":[],"class_list":["post-86996","post","type-post","status-publish","format-standard","has-post-thumbnail","hentry","category-spor"],"_links":{"self":[{"href":"https:\/\/www.egemtv.com\/index.php?rest_route=\/wp\/v2\/posts\/86996","targetHints":{"allow":["GET"]}}],"collection":[{"href":"https:\/\/www.egemtv.com\/index.php?rest_route=\/wp\/v2\/posts"}],"about":[{"href":"https:\/\/www.egemtv.com\/index.php?rest_route=\/wp\/v2\/types\/post"}],"author":[{"embeddable":true,"href":"https:\/\/www.egemtv.com\/index.php?rest_route=\/wp\/v2\/users\/1"}],"replies":[{"embeddable":true,"href":"https:\/\/www.egemtv.com\/index.php?rest_route=%2Fwp%2Fv2%2Fcomments&post=86996"}],"version-history":[{"count":1,"href":"https:\/\/www.egemtv.com\/index.php?rest_route=\/wp\/v2\/posts\/86996\/revisions"}],"predecessor-version":[{"id":86998,"href":"https:\/\/www.egemtv.com\/index.php?rest_route=\/wp\/v2\/posts\/86996\/revisions\/86998"}],"wp:featuredmedia":[{"embeddable":true,"href":"https:\/\/www.egemtv.com\/index.php?rest_route=\/wp\/v2\/media\/86997"}],"wp:attachment":[{"href":"https:\/\/www.egemtv.com\/index.php?rest_route=%2Fwp%2Fv2%2Fmedia&parent=86996"}],"wp:term":[{"taxonomy":"category","embeddable":true,"href":"https:\/\/www.egemtv.com\/index.php?rest_route=%2Fwp%2Fv2%2Fcategories&post=86996"},{"taxonomy":"post_tag","embeddable":true,"href":"https:\/\/www.egemtv.com\/index.php?rest_route=%2Fwp%2Fv2%2Ftags&post=86996"}],"curies":[{"name":"wp","href":"https:\/\/api.w.org\/{rel}","templated":true}]}}