{"id":86990,"date":"2026-02-11T14:34:48","date_gmt":"2026-02-11T11:34:48","guid":{"rendered":"https:\/\/www.egemtv.com\/?p=86990"},"modified":"2026-02-11T14:34:49","modified_gmt":"2026-02-11T11:34:49","slug":"merkezefendi-ataturk-bilim-merkezine-minik-ogrenciler-ziyaret-etti","status":"publish","type":"post","link":"https:\/\/www.egemtv.com\/?p=86990","title":{"rendered":"Merkezefendi Atat\u00fcrk Bilim Merkezine minik \u00f6\u011frenciler ziyaret etti"},"content":{"rendered":"<p>Merkezefendi Belediyesi\u2019ne ba\u011fl\u0131 kre\u015f \u00f6\u011frencileri, Atat\u00fcrk Bilim Merkezi\u2019ndeki topraks\u0131z tar\u0131m seras\u0131nda yeti\u015ftirilen \u00fcr\u00fcnleri yerinde inceleyip hasat etti. \u00d6\u011frenciler bilim merkezinden sofraya uzanan \u00fcretim d\u00f6ng\u00fcs\u00fcn\u00fc deneyimleyerek \u00f6\u011frendi.<br \/>\n<br \/>Sevindik Mahallesi\u2019nde bulunan Merkezefendi Belediyesi\u2019ne ba\u011fl\u0131 Nuran Mesut Uzuno\u011flu G\u00fcnd\u00fcz Bak\u0131m Evi \u00f6\u011frencileri, Atat\u00fcrk Bilim Merkezi\u2019nde bulunan Topraks\u0131z Tar\u0131m Seras\u0131\u2019n\u0131 ziyaret etti. Tar\u0131m ilac\u0131 kullan\u0131lmadan yeti\u015ftirilen sebzeleri yerinde inceleyen minikler, \u00fcretim s\u00fcreci hakk\u0131nda bilgi alarak biber, domates ve marullar\u0131 kendi elleriyle toplad\u0131. Bilim merkezinde ger\u00e7ekle\u015ftirilen uygulamal\u0131 e\u011fitimde \u00e7ocuklara iklim de\u011fi\u015fikli\u011fi, su tasarrufu ve s\u00fcrd\u00fcr\u00fclebilir tar\u0131m konular\u0131nda bilgilendirme yap\u0131ld\u0131. \u00dcretimin her a\u015famas\u0131n\u0131 g\u00f6zlemleme f\u0131rsat\u0131 bulan \u00f6\u011frenciler, do\u011fadan sofraya uzanan s\u00fcreci deneyimledi.<br \/>\n<br \/>Ziyaretin ard\u0131ndan kre\u015flerine d\u00f6nen \u00e7ocuklar, toplad\u0131klar\u0131 sebzelerle salata haz\u0131rlayarak \u00f6\u011fle yemeklerinde t\u00fcketti. B\u00f6ylece Atat\u00fcrk Bilim Merkezi\u2019nde ba\u015flayan \u00fcretim s\u00fcreci, belediyeye ba\u011fl\u0131 kre\u015fte sa\u011fl\u0131kl\u0131 bir \u00f6\u011f\u00fcne d\u00f6n\u00fc\u015ferek \u00f6rnek bir \u00fcretim ve t\u00fcketim d\u00f6ng\u00fcs\u00fc olu\u015fturdu.<br \/>\n<br \/>Merkezefendi Belediyesi, \u00e7ocuklara k\u00fc\u00e7\u00fck ya\u015fta \u00e7evre bilinci ve s\u00fcrd\u00fcr\u00fclebilir ya\u015fam al\u0131\u015fkanl\u0131\u011f\u0131 kazand\u0131rmaya y\u00f6nelik \u00e7al\u0131\u015fmalar\u0131n\u0131 s\u00fcrd\u00fcr\u00fcyor.<br \/><\/p>\n","protected":false},"excerpt":{"rendered":"<p>Merkezefendi Belediyesi\u2019ne ba\u011fl\u0131 kre\u015f \u00f6\u011frencileri, Atat\u00fcrk Bilim Merkezi\u2019ndeki topraks\u0131z tar\u0131m seras\u0131nda yeti\u015ftirilen \u00fcr\u00fcnleri yerinde inceleyip hasat etti. \u00d6\u011frenciler bilim merkezinden sofraya uzanan \u00fcretim d\u00f6ng\u00fcs\u00fcn\u00fc deneyimleyerek \u00f6\u011frendi. Sevindik Mahallesi\u2019nde bulunan Merkezefendi Belediyesi\u2019ne ba\u011fl\u0131 Nuran Mesut Uzuno\u011flu G\u00fcnd\u00fcz Bak\u0131m Evi \u00f6\u011frencileri, Atat\u00fcrk Bilim Merkezi\u2019nde bulunan Topraks\u0131z Tar\u0131m Seras\u0131\u2019n\u0131 ziyaret etti. Tar\u0131m ilac\u0131 kullan\u0131lmadan yeti\u015ftirilen sebzeleri yerinde inceleyen&#8230;<\/p>\n","protected":false},"author":1,"featured_media":86991,"comment_status":"open","ping_status":"open","sticky":false,"template":"","format":"standard","meta":{"_crdt_document":"","footnotes":""},"categories":[1],"tags":[],"class_list":["post-86990","post","type-post","status-publish","format-standard","has-post-thumbnail","hentry","category-guncel"],"_links":{"self":[{"href":"https:\/\/www.egemtv.com\/index.php?rest_route=\/wp\/v2\/posts\/86990","targetHints":{"allow":["GET"]}}],"collection":[{"href":"https:\/\/www.egemtv.com\/index.php?rest_route=\/wp\/v2\/posts"}],"about":[{"href":"https:\/\/www.egemtv.com\/index.php?rest_route=\/wp\/v2\/types\/post"}],"author":[{"embeddable":true,"href":"https:\/\/www.egemtv.com\/index.php?rest_route=\/wp\/v2\/users\/1"}],"replies":[{"embeddable":true,"href":"https:\/\/www.egemtv.com\/index.php?rest_route=%2Fwp%2Fv2%2Fcomments&post=86990"}],"version-history":[{"count":1,"href":"https:\/\/www.egemtv.com\/index.php?rest_route=\/wp\/v2\/posts\/86990\/revisions"}],"predecessor-version":[{"id":86992,"href":"https:\/\/www.egemtv.com\/index.php?rest_route=\/wp\/v2\/posts\/86990\/revisions\/86992"}],"wp:featuredmedia":[{"embeddable":true,"href":"https:\/\/www.egemtv.com\/index.php?rest_route=\/wp\/v2\/media\/86991"}],"wp:attachment":[{"href":"https:\/\/www.egemtv.com\/index.php?rest_route=%2Fwp%2Fv2%2Fmedia&parent=86990"}],"wp:term":[{"taxonomy":"category","embeddable":true,"href":"https:\/\/www.egemtv.com\/index.php?rest_route=%2Fwp%2Fv2%2Fcategories&post=86990"},{"taxonomy":"post_tag","embeddable":true,"href":"https:\/\/www.egemtv.com\/index.php?rest_route=%2Fwp%2Fv2%2Ftags&post=86990"}],"curies":[{"name":"wp","href":"https:\/\/api.w.org\/{rel}","templated":true}]}}