{"id":86987,"date":"2026-02-11T14:14:55","date_gmt":"2026-02-11T11:14:55","guid":{"rendered":"https:\/\/www.egemtv.com\/?p=86987"},"modified":"2026-02-11T14:14:56","modified_gmt":"2026-02-11T11:14:56","slug":"pazarlar-spor-lisesinden-taekwondo-il-musabakalarina-damga","status":"publish","type":"post","link":"https:\/\/www.egemtv.com\/?p=86987","title":{"rendered":"Pazarlar Spor Lisesi\u2019nden, taekwondo il m\u00fcsabakalar\u0131na damga"},"content":{"rendered":"<p>K\u00fctahya\u2019da d\u00fczenlenen Okul Sporlar\u0131 Taekwondo \u0130l M\u00fcsabakalar\u0131na ilk kez kat\u0131lan Pazarlar Spor Lisesi, elde etti\u011fi derecelerle organizasyona damga vurdu.<br \/>\n<br \/>\u015eampiyonaya 5 sporcu ile kat\u0131lan Pazarlar Spor Lisesi, 5 final ve 5 madalya ba\u015far\u0131s\u0131 g\u00f6sterdi. K\u00fctahya Gen\u00e7lik ve Spor \u0130l M\u00fcd\u00fcrl\u00fc\u011f\u00fc koordinesinde ger\u00e7ekle\u015ftirilen m\u00fcsabakalar b\u00fcy\u00fck heyecana sahne oldu. Tatamiye \u00e7\u0131kan Pazarlar Spor Lisesi sporcular\u0131n\u0131n tamam\u0131 finale y\u00fckselerek \u00f6nemli bir ba\u015far\u0131ya imza att\u0131.<br \/>\n<br \/>M\u00fcsabakalar sonunda Pazarlar Spor Lisesi 2 alt\u0131n ve 3 g\u00fcm\u00fc\u015f madalya kazand\u0131. 78 kiloda m\u00fccadele eden Arda Y\u0131ld\u0131r\u0131m ile 68 kiloda yar\u0131\u015fan Beyzanur S\u00fct\u00e7\u00fc, kategorilerinde K\u00fctahya \u015fampiyonu olarak alt\u0131n madalyan\u0131n sahibi oldu. 59 kiloda H\u00fcmeyra Elif Mertgen\u00e7, 55 kiloda Bu\u011flem Tekin ve 51 kiloda Mehmet Mustafa Mertgen\u00e7 ise final m\u00fcsabakalar\u0131n\u0131n ard\u0131ndan K\u00fctahya ikincisi olarak g\u00fcm\u00fc\u015f madalya kazand\u0131.<br \/>\n<br \/>Ba\u015far\u0131 sonras\u0131 a\u00e7\u0131klamalarda bulunan Pazarlar Spor Lisesi Okul M\u00fcd\u00fcr\u00fc ve Kul\u00fcp Ba\u015fkan\u0131 Muammer G\u00f6kalp, il\u00e7ede taekwondoya ilginin artt\u0131\u011f\u0131n\u0131 belirtti. G\u00f6kalp, ilkokuldan meslek y\u00fcksekokuluna kadar yakla\u015f\u0131k 75 \u00f6\u011frenci ve gencin taekwondo sporuna ba\u015flad\u0131\u011f\u0131n\u0131 ifade ederek, hedeflerinin bu bran\u015f\u0131 Gediz, \u015eaphane ve Simav il\u00e7elerine de yaymak oldu\u011funu kaydetti.<br \/>\n<br \/>Organizasyonda eme\u011fi ge\u00e7enlere te\u015fekk\u00fcr eden Muammer G\u00f6kalp, Pazarlar Belediye Ba\u015fkan\u0131 Bilal Demirci, \u0130l Gen\u00e7lik ve Spor M\u00fcd\u00fcrl\u00fc\u011f\u00fc, T\u00fcrkiye Taekwondo Federasyonu ve g\u00f6revli hakemlere desteklerinden dolay\u0131 te\u015fekk\u00fcr etti. G\u00f6kalp, 7-8 Mart 2026 tarihlerinde Bilecik\u2019te yap\u0131lacak grup m\u00fcsabakalar\u0131nda da K\u00fctahya\u2019y\u0131 en iyi \u015fekilde temsil edeceklerine inand\u0131klar\u0131n\u0131 s\u00f6zlerine ekledi.<br \/><\/p>\n","protected":false},"excerpt":{"rendered":"<p>K\u00fctahya\u2019da d\u00fczenlenen Okul Sporlar\u0131 Taekwondo \u0130l M\u00fcsabakalar\u0131na ilk kez kat\u0131lan Pazarlar Spor Lisesi, elde etti\u011fi derecelerle organizasyona damga vurdu. \u015eampiyonaya 5 sporcu ile kat\u0131lan Pazarlar Spor Lisesi, 5 final ve 5 madalya ba\u015far\u0131s\u0131 g\u00f6sterdi. K\u00fctahya Gen\u00e7lik ve Spor \u0130l M\u00fcd\u00fcrl\u00fc\u011f\u00fc koordinesinde ger\u00e7ekle\u015ftirilen m\u00fcsabakalar b\u00fcy\u00fck heyecana sahne oldu. Tatamiye \u00e7\u0131kan Pazarlar Spor Lisesi sporcular\u0131n\u0131n tamam\u0131 finale&#8230;<\/p>\n","protected":false},"author":1,"featured_media":86988,"comment_status":"open","ping_status":"open","sticky":false,"template":"","format":"standard","meta":{"_crdt_document":"","footnotes":""},"categories":[4],"tags":[],"class_list":["post-86987","post","type-post","status-publish","format-standard","has-post-thumbnail","hentry","category-spor"],"_links":{"self":[{"href":"https:\/\/www.egemtv.com\/index.php?rest_route=\/wp\/v2\/posts\/86987","targetHints":{"allow":["GET"]}}],"collection":[{"href":"https:\/\/www.egemtv.com\/index.php?rest_route=\/wp\/v2\/posts"}],"about":[{"href":"https:\/\/www.egemtv.com\/index.php?rest_route=\/wp\/v2\/types\/post"}],"author":[{"embeddable":true,"href":"https:\/\/www.egemtv.com\/index.php?rest_route=\/wp\/v2\/users\/1"}],"replies":[{"embeddable":true,"href":"https:\/\/www.egemtv.com\/index.php?rest_route=%2Fwp%2Fv2%2Fcomments&post=86987"}],"version-history":[{"count":1,"href":"https:\/\/www.egemtv.com\/index.php?rest_route=\/wp\/v2\/posts\/86987\/revisions"}],"predecessor-version":[{"id":86989,"href":"https:\/\/www.egemtv.com\/index.php?rest_route=\/wp\/v2\/posts\/86987\/revisions\/86989"}],"wp:featuredmedia":[{"embeddable":true,"href":"https:\/\/www.egemtv.com\/index.php?rest_route=\/wp\/v2\/media\/86988"}],"wp:attachment":[{"href":"https:\/\/www.egemtv.com\/index.php?rest_route=%2Fwp%2Fv2%2Fmedia&parent=86987"}],"wp:term":[{"taxonomy":"category","embeddable":true,"href":"https:\/\/www.egemtv.com\/index.php?rest_route=%2Fwp%2Fv2%2Fcategories&post=86987"},{"taxonomy":"post_tag","embeddable":true,"href":"https:\/\/www.egemtv.com\/index.php?rest_route=%2Fwp%2Fv2%2Ftags&post=86987"}],"curies":[{"name":"wp","href":"https:\/\/api.w.org\/{rel}","templated":true}]}}