{"id":86957,"date":"2026-02-11T12:34:58","date_gmt":"2026-02-11T09:34:58","guid":{"rendered":"https:\/\/www.egemtv.com\/?p=86957"},"modified":"2026-02-11T12:34:59","modified_gmt":"2026-02-11T09:34:59","slug":"rektor-kibar-sarigolde-temaslarda-bulundu","status":"publish","type":"post","link":"https:\/\/www.egemtv.com\/?p=86957","title":{"rendered":"Rekt\u00f6r Kibar Sar\u0131g\u00f6l\u2019de temaslarda bulundu"},"content":{"rendered":"<p>Manisa Celal Bayar \u00dcniversitesi Rekt\u00f6r\u00fc Prof. Dr. Rana Kibar beraberindeki heyetle birlikte Sar\u0131g\u00f6l il\u00e7esinde Kaymakam Halil Dalak\u2019\u0131 ziyaret edip, Sar\u0131g\u00f6l Meslek Y\u00fcksekokulu\u2019ndaki Dan\u0131\u015fma Kurulu Toplant\u0131s\u0131na kat\u0131ld\u0131.<br \/>\n<br \/>Manisa Celal Bayar \u00dcniversitesi Rekt\u00f6r\u00fc Prof. Dr. Rana Kibar, beraberindeki heyetle birlikte Sar\u0131g\u00f6l Kaymakam\u0131 Halil Dalak\u2019\u0131 makam\u0131nda ziyaret etti.<br \/>\n<br \/>Ziyarete, Rekt\u00f6r Yard\u0131mc\u0131s\u0131 Kadir Ay, Genel Sekreter Erhan Do\u011fan ve Sar\u0131g\u00f6l Meslek Y\u00fcksekokulu M\u00fcd\u00fcr\u00fc \u00d6\u011fr. G\u00f6r. Dr. H\u00fcseyin Afacan da kat\u0131ld\u0131.<br \/>\n<br \/>Ger\u00e7ekle\u015fen ziyaretten duydu\u011fu memnuniyeti dile getiren Sar\u0131g\u00f6l Kaymakam\u0131 Halil Dalak, Rekt\u00f6r Prof. Dr. Rana Kibar ve beraberindeki heyete nazik ziyaretleri dolay\u0131s\u0131yla te\u015fekk\u00fcr etti.<br \/>\n<br \/>Ziyaretin ard\u0131ndan Kaymakam Halil Dalak, Sar\u0131g\u00f6l Meslek Y\u00fcksekokulu\u2019nda d\u00fczenlenen Dan\u0131\u015fma Kurulu Toplant\u0131s\u0131\u2019na kat\u0131ld\u0131.<br \/><\/p>\n","protected":false},"excerpt":{"rendered":"<p>Manisa Celal Bayar \u00dcniversitesi Rekt\u00f6r\u00fc Prof. Dr. Rana Kibar beraberindeki heyetle birlikte Sar\u0131g\u00f6l il\u00e7esinde Kaymakam Halil Dalak\u2019\u0131 ziyaret edip, Sar\u0131g\u00f6l Meslek Y\u00fcksekokulu\u2019ndaki Dan\u0131\u015fma Kurulu Toplant\u0131s\u0131na kat\u0131ld\u0131. Manisa Celal Bayar \u00dcniversitesi Rekt\u00f6r\u00fc Prof. Dr. Rana Kibar, beraberindeki heyetle birlikte Sar\u0131g\u00f6l Kaymakam\u0131 Halil Dalak\u2019\u0131 makam\u0131nda ziyaret etti. Ziyarete, Rekt\u00f6r Yard\u0131mc\u0131s\u0131 Kadir Ay, Genel Sekreter Erhan Do\u011fan ve&#8230;<\/p>\n","protected":false},"author":1,"featured_media":86958,"comment_status":"open","ping_status":"open","sticky":false,"template":"","format":"standard","meta":{"_crdt_document":"","footnotes":""},"categories":[1],"tags":[],"class_list":["post-86957","post","type-post","status-publish","format-standard","has-post-thumbnail","hentry","category-guncel"],"_links":{"self":[{"href":"https:\/\/www.egemtv.com\/index.php?rest_route=\/wp\/v2\/posts\/86957","targetHints":{"allow":["GET"]}}],"collection":[{"href":"https:\/\/www.egemtv.com\/index.php?rest_route=\/wp\/v2\/posts"}],"about":[{"href":"https:\/\/www.egemtv.com\/index.php?rest_route=\/wp\/v2\/types\/post"}],"author":[{"embeddable":true,"href":"https:\/\/www.egemtv.com\/index.php?rest_route=\/wp\/v2\/users\/1"}],"replies":[{"embeddable":true,"href":"https:\/\/www.egemtv.com\/index.php?rest_route=%2Fwp%2Fv2%2Fcomments&post=86957"}],"version-history":[{"count":1,"href":"https:\/\/www.egemtv.com\/index.php?rest_route=\/wp\/v2\/posts\/86957\/revisions"}],"predecessor-version":[{"id":86959,"href":"https:\/\/www.egemtv.com\/index.php?rest_route=\/wp\/v2\/posts\/86957\/revisions\/86959"}],"wp:featuredmedia":[{"embeddable":true,"href":"https:\/\/www.egemtv.com\/index.php?rest_route=\/wp\/v2\/media\/86958"}],"wp:attachment":[{"href":"https:\/\/www.egemtv.com\/index.php?rest_route=%2Fwp%2Fv2%2Fmedia&parent=86957"}],"wp:term":[{"taxonomy":"category","embeddable":true,"href":"https:\/\/www.egemtv.com\/index.php?rest_route=%2Fwp%2Fv2%2Fcategories&post=86957"},{"taxonomy":"post_tag","embeddable":true,"href":"https:\/\/www.egemtv.com\/index.php?rest_route=%2Fwp%2Fv2%2Ftags&post=86957"}],"curies":[{"name":"wp","href":"https:\/\/api.w.org\/{rel}","templated":true}]}}