{"id":86954,"date":"2026-02-11T12:34:57","date_gmt":"2026-02-11T09:34:57","guid":{"rendered":"https:\/\/www.egemtv.com\/?p=86954"},"modified":"2026-02-11T12:34:58","modified_gmt":"2026-02-11T09:34:58","slug":"bir-minos-hikayesi-sergisi-acildi","status":"publish","type":"post","link":"https:\/\/www.egemtv.com\/?p=86954","title":{"rendered":"\u2018Bir Minos Hik\u00e2yesi\u2019 sergisi a\u00e7\u0131ld\u0131"},"content":{"rendered":"<p>Mu\u011fla S\u0131tk\u0131 Ko\u00e7man \u00dcniversitesi Bilim \u0130leti\u015fimi Ofisi (MSK\u00dc B\u0130O) koordinasyonunda d\u00fczenlenen &#8220;Bir Minos Hik\u00e2yesi&#8221; sergisinin a\u00e7\u0131l\u0131\u015f\u0131, 10 \u015eubat 2026 tarihinde Bilim ve Sanat Evi\u2019nde ger\u00e7ekle\u015ftirildi.<br \/>\n<br \/>K\u00fcrat\u00f6rl\u00fc\u011f\u00fcn\u00fc MSK\u00dc Bodrum G\u00fczel Sanatlar Fak\u00fcltesi \u00f6\u011fretim \u00fcyesi Dr. \u00d6\u011fretim \u00dcyesi Nevin Yal\u00e7\u0131n Beldan\u2019\u0131n \u00fcstlendi\u011fi sergide yer alan eserler, Bodrum G\u00fczel Sanatlar Fak\u00fcltesi \u00f6\u011frencileri taraf\u0131ndan \u00fcretildi. \u00d6\u011frenciler, Minos uygarl\u0131\u011f\u0131n\u0131n k\u00fclt\u00fcrel ve estetik miras\u0131n\u0131 \u00f6zg\u00fcn \u00e7al\u0131\u015fmalar\u0131 ile ortaya koydu.<br \/>\n<br \/>K\u00fcrat\u00f6r Dr. \u00d6\u011fretim \u00dcyesi Beldan, kat\u0131l\u0131mc\u0131larla birlikte eserleri dola\u015farak; her bir \u00e7al\u0131\u015fmay\u0131 Minos uygarl\u0131\u011f\u0131  de\u011ferlendirdi. Sergide yer alan eserlerin tarihi referanslar\u0131, estetik kurgusu \u00fczerine kapsaml\u0131 a\u00e7\u0131klamalar yapan Dr. \u00d6\u011fr. \u00dcyesi Nevin Yal\u00e7\u0131n Beldan, Minos k\u00fclt\u00fcr\u00fcn\u00fcn sanatsal miras\u0131n\u0131n g\u00fcncel yorumlarla nas\u0131l yeniden ele al\u0131nd\u0131\u011f\u0131n\u0131 kat\u0131l\u0131mc\u0131larla payla\u015ft\u0131.<br \/>\n<br \/>Program kapsam\u0131nda ayr\u0131ca Dr. \u00d6\u011fretim \u00dcyesi Nevin Yal\u00e7\u0131n Beldan, &#8220;Sanat ne anlat\u0131r? Biz ne anlar\u0131z?&#8221; ba\u015fl\u0131kl\u0131 s\u00f6yle\u015fisiyle sanat eserinin anlam \u00fcretim s\u00fcre\u00e7lerini ve izleyiciyle kurdu\u011fu ili\u015fkiyi ele ald\u0131.<br \/>\n<br \/>&#8220;Bir Minos Hik\u00e2yesi&#8221; sergisi, 3 Mart 2026 tarihine kadar Bilim ve Sanat Evi\u2019nde ziyarete a\u00e7\u0131k olacak.<br \/><\/p>\n","protected":false},"excerpt":{"rendered":"<p>Mu\u011fla S\u0131tk\u0131 Ko\u00e7man \u00dcniversitesi Bilim \u0130leti\u015fimi Ofisi (MSK\u00dc B\u0130O) koordinasyonunda d\u00fczenlenen &#8220;Bir Minos Hik\u00e2yesi&#8221; sergisinin a\u00e7\u0131l\u0131\u015f\u0131, 10 \u015eubat 2026 tarihinde Bilim ve Sanat Evi\u2019nde ger\u00e7ekle\u015ftirildi. K\u00fcrat\u00f6rl\u00fc\u011f\u00fcn\u00fc MSK\u00dc Bodrum G\u00fczel Sanatlar Fak\u00fcltesi \u00f6\u011fretim \u00fcyesi Dr. \u00d6\u011fretim \u00dcyesi Nevin Yal\u00e7\u0131n Beldan\u2019\u0131n \u00fcstlendi\u011fi sergide yer alan eserler, Bodrum G\u00fczel Sanatlar Fak\u00fcltesi \u00f6\u011frencileri taraf\u0131ndan \u00fcretildi. \u00d6\u011frenciler, Minos uygarl\u0131\u011f\u0131n\u0131n k\u00fclt\u00fcrel&#8230;<\/p>\n","protected":false},"author":1,"featured_media":86955,"comment_status":"open","ping_status":"open","sticky":false,"template":"","format":"standard","meta":{"_crdt_document":"","footnotes":""},"categories":[1],"tags":[],"class_list":["post-86954","post","type-post","status-publish","format-standard","has-post-thumbnail","hentry","category-guncel"],"_links":{"self":[{"href":"https:\/\/www.egemtv.com\/index.php?rest_route=\/wp\/v2\/posts\/86954","targetHints":{"allow":["GET"]}}],"collection":[{"href":"https:\/\/www.egemtv.com\/index.php?rest_route=\/wp\/v2\/posts"}],"about":[{"href":"https:\/\/www.egemtv.com\/index.php?rest_route=\/wp\/v2\/types\/post"}],"author":[{"embeddable":true,"href":"https:\/\/www.egemtv.com\/index.php?rest_route=\/wp\/v2\/users\/1"}],"replies":[{"embeddable":true,"href":"https:\/\/www.egemtv.com\/index.php?rest_route=%2Fwp%2Fv2%2Fcomments&post=86954"}],"version-history":[{"count":1,"href":"https:\/\/www.egemtv.com\/index.php?rest_route=\/wp\/v2\/posts\/86954\/revisions"}],"predecessor-version":[{"id":86956,"href":"https:\/\/www.egemtv.com\/index.php?rest_route=\/wp\/v2\/posts\/86954\/revisions\/86956"}],"wp:featuredmedia":[{"embeddable":true,"href":"https:\/\/www.egemtv.com\/index.php?rest_route=\/wp\/v2\/media\/86955"}],"wp:attachment":[{"href":"https:\/\/www.egemtv.com\/index.php?rest_route=%2Fwp%2Fv2%2Fmedia&parent=86954"}],"wp:term":[{"taxonomy":"category","embeddable":true,"href":"https:\/\/www.egemtv.com\/index.php?rest_route=%2Fwp%2Fv2%2Fcategories&post=86954"},{"taxonomy":"post_tag","embeddable":true,"href":"https:\/\/www.egemtv.com\/index.php?rest_route=%2Fwp%2Fv2%2Ftags&post=86954"}],"curies":[{"name":"wp","href":"https:\/\/api.w.org\/{rel}","templated":true}]}}