{"id":86951,"date":"2026-02-11T12:34:56","date_gmt":"2026-02-11T09:34:56","guid":{"rendered":"https:\/\/www.egemtv.com\/?p=86951"},"modified":"2026-02-11T12:34:57","modified_gmt":"2026-02-11T09:34:57","slug":"sarigol-nufus-mudurlugunden-yaslilara-randevusuz-islem-kolayligi","status":"publish","type":"post","link":"https:\/\/www.egemtv.com\/?p=86951","title":{"rendered":"Sar\u0131g\u00f6l N\u00fcfus M\u00fcd\u00fcrl\u00fc\u011f\u00fc\u2019nden ya\u015fl\u0131lara randevusuz i\u015flem kolayl\u0131\u011f\u0131"},"content":{"rendered":"<p>Sar\u0131g\u00f6l \u0130l\u00e7e N\u00fcfus ve Vatanda\u015fl\u0131k M\u00fcd\u00fcrl\u00fc\u011f\u00fc, yeni kimlik kart\u0131 alacak ya\u015fl\u0131 vatanda\u015flar i\u00e7in randevusuz i\u015flem uygulamas\u0131 ba\u015flatt\u0131. Uygulama sayesinde ya\u015fl\u0131lar, s\u0131ra beklemeden i\u015flemlerini ger\u00e7ekle\u015ftirebiliyor.<br \/>\n<br \/>Sar\u0131g\u00f6l \u0130l\u00e7e N\u00fcfus ve Vatanda\u015fl\u0131k M\u00fcd\u00fcr\u00fc \u0130lvan K\u0131rda\u011f\u2019\u0131n talimat\u0131yla hayata ge\u00e7irilen uygulama, ya\u015fl\u0131 vatanda\u015flar taraf\u0131ndan memnuniyetle kar\u015f\u0131land\u0131. Randevu almadan \u00f6ncelikli olarak i\u015flem yapt\u0131rabilen ya\u015fl\u0131lar, uygulaman\u0131n b\u00fcy\u00fck kolayl\u0131k sa\u011flad\u0131\u011f\u0131n\u0131 ifade etti.<br \/>\n<br \/>G\u00f6reve geldi\u011fi g\u00fcnden bu yana vatanda\u015f odakl\u0131 hizmet anlay\u0131\u015f\u0131yla dikkat \u00e7eken \u0130l\u00e7e N\u00fcfus ve Vatanda\u015fl\u0131k M\u00fcd\u00fcr\u00fc \u0130lvan K\u0131rda\u011f\u2019\u0131n, resmi daireye gelemeyecek durumda olan ya\u015fl\u0131 ve hasta vatanda\u015flar\u0131n i\u015flemlerini mesai saatleri d\u0131\u015f\u0131nda kendi \u00f6zel arac\u0131yla evlerine giderek tamamlad\u0131\u011f\u0131 da biliniyor.<br \/>\n<br \/>Yeni kimlik kart\u0131 alacak ya\u015fl\u0131 vatanda\u015flara y\u00f6nelik randevusuz ve \u00f6ncelikli i\u015flem uygulamas\u0131, il\u00e7ede takdirle kar\u015f\u0131land\u0131.<br \/>\n<br \/>Sar\u0131g\u00f6l \u0130l\u00e7e N\u00fcfus ve Vatanda\u015fl\u0131k M\u00fcd\u00fcr\u00fc \u0130lvan K\u0131rda\u011f, &#8220;Ya\u015fl\u0131lar ve hastalar her zaman bizim i\u00e7in \u00f6n plandad\u0131r. Onlar\u0131n i\u015flemlerini kolayla\u015ft\u0131rmak bizim en \u00f6nemli g\u00f6revlerimizden biridir.&#8221; dedi.<br \/><\/p>\n","protected":false},"excerpt":{"rendered":"<p>Sar\u0131g\u00f6l \u0130l\u00e7e N\u00fcfus ve Vatanda\u015fl\u0131k M\u00fcd\u00fcrl\u00fc\u011f\u00fc, yeni kimlik kart\u0131 alacak ya\u015fl\u0131 vatanda\u015flar i\u00e7in randevusuz i\u015flem uygulamas\u0131 ba\u015flatt\u0131. Uygulama sayesinde ya\u015fl\u0131lar, s\u0131ra beklemeden i\u015flemlerini ger\u00e7ekle\u015ftirebiliyor. Sar\u0131g\u00f6l \u0130l\u00e7e N\u00fcfus ve Vatanda\u015fl\u0131k M\u00fcd\u00fcr\u00fc \u0130lvan K\u0131rda\u011f\u2019\u0131n talimat\u0131yla hayata ge\u00e7irilen uygulama, ya\u015fl\u0131 vatanda\u015flar taraf\u0131ndan memnuniyetle kar\u015f\u0131land\u0131. Randevu almadan \u00f6ncelikli olarak i\u015flem yapt\u0131rabilen ya\u015fl\u0131lar, uygulaman\u0131n b\u00fcy\u00fck kolayl\u0131k sa\u011flad\u0131\u011f\u0131n\u0131 ifade etti. G\u00f6reve&#8230;<\/p>\n","protected":false},"author":1,"featured_media":86952,"comment_status":"open","ping_status":"open","sticky":false,"template":"","format":"standard","meta":{"_crdt_document":"","footnotes":""},"categories":[123],"tags":[],"class_list":["post-86951","post","type-post","status-publish","format-standard","has-post-thumbnail","hentry","category-gundem"],"_links":{"self":[{"href":"https:\/\/www.egemtv.com\/index.php?rest_route=\/wp\/v2\/posts\/86951","targetHints":{"allow":["GET"]}}],"collection":[{"href":"https:\/\/www.egemtv.com\/index.php?rest_route=\/wp\/v2\/posts"}],"about":[{"href":"https:\/\/www.egemtv.com\/index.php?rest_route=\/wp\/v2\/types\/post"}],"author":[{"embeddable":true,"href":"https:\/\/www.egemtv.com\/index.php?rest_route=\/wp\/v2\/users\/1"}],"replies":[{"embeddable":true,"href":"https:\/\/www.egemtv.com\/index.php?rest_route=%2Fwp%2Fv2%2Fcomments&post=86951"}],"version-history":[{"count":1,"href":"https:\/\/www.egemtv.com\/index.php?rest_route=\/wp\/v2\/posts\/86951\/revisions"}],"predecessor-version":[{"id":86953,"href":"https:\/\/www.egemtv.com\/index.php?rest_route=\/wp\/v2\/posts\/86951\/revisions\/86953"}],"wp:featuredmedia":[{"embeddable":true,"href":"https:\/\/www.egemtv.com\/index.php?rest_route=\/wp\/v2\/media\/86952"}],"wp:attachment":[{"href":"https:\/\/www.egemtv.com\/index.php?rest_route=%2Fwp%2Fv2%2Fmedia&parent=86951"}],"wp:term":[{"taxonomy":"category","embeddable":true,"href":"https:\/\/www.egemtv.com\/index.php?rest_route=%2Fwp%2Fv2%2Fcategories&post=86951"},{"taxonomy":"post_tag","embeddable":true,"href":"https:\/\/www.egemtv.com\/index.php?rest_route=%2Fwp%2Fv2%2Ftags&post=86951"}],"curies":[{"name":"wp","href":"https:\/\/api.w.org\/{rel}","templated":true}]}}