{"id":86948,"date":"2026-02-11T12:34:55","date_gmt":"2026-02-11T09:34:55","guid":{"rendered":"https:\/\/www.egemtv.com\/?p=86948"},"modified":"2026-02-11T12:34:56","modified_gmt":"2026-02-11T09:34:56","slug":"camelide-okul-sagligi-ve-guvenligi-toplantisi-yapildi","status":"publish","type":"post","link":"https:\/\/www.egemtv.com\/?p=86948","title":{"rendered":"\u00c7ameli\u2019de Okul Sa\u011fl\u0131\u011f\u0131 ve G\u00fcvenli\u011fi toplant\u0131s\u0131 yap\u0131ld\u0131"},"content":{"rendered":"<p>\u00c7ameli\u2019de 2025-2026 e\u011fitim \u00f6\u011fretim y\u0131l\u0131n\u0131n huzur ve g\u00fcven i\u00e7inde s\u00fcrd\u00fcr\u00fclmesi i\u00e7in Okul Sa\u011fl\u0131\u011f\u0131 ve G\u00fcvenli\u011fi Toplant\u0131s\u0131 ger\u00e7ekle\u015ftirildi.<\/p>\n<p>\u00c7ameli\u2019de 2025-2026 e\u011fitim \u00f6\u011fretim y\u0131l\u0131n\u0131n huzurlu ve g\u00fcvenli bir ortamda s\u00fcrd\u00fcr\u00fclmesi, \u00e7ocuk ve gen\u00e7lerin kar\u015f\u0131la\u015fabilece\u011fi olumsuzluklar\u0131n \u00f6nlenmesi ile trafik g\u00fcvenli\u011finin art\u0131r\u0131lmas\u0131na y\u00f6nelik planlama ve tedbirlerin de\u011ferlendirilmesi amac\u0131yla Okul Sa\u011fl\u0131\u011f\u0131 ve G\u00fcvenli\u011fi Toplant\u0131s\u0131 ger\u00e7ekle\u015ftirildi. Toplant\u0131da yap\u0131lan de\u011ferlendirmeler neticesinde il\u00e7ede e\u011fitim ortam\u0131n\u0131 olumsuz etkileyebilecek herhangi bir duruma rastlanmad\u0131\u011f\u0131 ifade edildi. Toplant\u0131ya \u00c7ameli Belediye Ba\u015fkan Yard\u0131mc\u0131s\u0131 Fethi U\u011fur, \u00c7ameli \u0130l\u00e7e Milli E\u011fitim M\u00fcd\u00fcr\u00fc Murat Uzun, \u00c7ameli \u0130l\u00e7e Emniyet Amiri Bilal Cing\u00f6r, \u00c7ameli \u0130l\u00e7e Jandarma Komutan\u0131 H\u00fcseyin Arslan\u2019\u0131n yan\u0131 s\u0131ra \u00f6\u011fretmenler, trafik polisleri ve jandarma trafik ekipleri kat\u0131ld\u0131.<br \/>\n<br \/>Yap\u0131lan bilgilendirmelerde \u00c7ameli\u2019de e\u011fitim \u00f6\u011fretim s\u00fcrecinin sorunsuz \u015fekilde devam etti\u011fi belirtilirken, t\u00fcm kurum ve kurulu\u015flar\u0131n e\u011fitim i\u00e7in her zaman haz\u0131r oldu\u011fu ve gerekli tedbirlerin titizlikle al\u0131nd\u0131\u011f\u0131 vurguland\u0131.<br \/><\/p>\n","protected":false},"excerpt":{"rendered":"<p>\u00c7ameli\u2019de 2025-2026 e\u011fitim \u00f6\u011fretim y\u0131l\u0131n\u0131n huzur ve g\u00fcven i\u00e7inde s\u00fcrd\u00fcr\u00fclmesi i\u00e7in Okul Sa\u011fl\u0131\u011f\u0131 ve G\u00fcvenli\u011fi Toplant\u0131s\u0131 ger\u00e7ekle\u015ftirildi. \u00c7ameli\u2019de 2025-2026 e\u011fitim \u00f6\u011fretim y\u0131l\u0131n\u0131n huzurlu ve g\u00fcvenli bir ortamda s\u00fcrd\u00fcr\u00fclmesi, \u00e7ocuk ve gen\u00e7lerin kar\u015f\u0131la\u015fabilece\u011fi olumsuzluklar\u0131n \u00f6nlenmesi ile trafik g\u00fcvenli\u011finin art\u0131r\u0131lmas\u0131na y\u00f6nelik planlama ve tedbirlerin de\u011ferlendirilmesi amac\u0131yla Okul Sa\u011fl\u0131\u011f\u0131 ve G\u00fcvenli\u011fi Toplant\u0131s\u0131 ger\u00e7ekle\u015ftirildi. Toplant\u0131da yap\u0131lan de\u011ferlendirmeler neticesinde il\u00e7ede&#8230;<\/p>\n","protected":false},"author":1,"featured_media":86949,"comment_status":"open","ping_status":"open","sticky":false,"template":"","format":"standard","meta":{"_crdt_document":"","footnotes":""},"categories":[1],"tags":[],"class_list":["post-86948","post","type-post","status-publish","format-standard","has-post-thumbnail","hentry","category-guncel"],"_links":{"self":[{"href":"https:\/\/www.egemtv.com\/index.php?rest_route=\/wp\/v2\/posts\/86948","targetHints":{"allow":["GET"]}}],"collection":[{"href":"https:\/\/www.egemtv.com\/index.php?rest_route=\/wp\/v2\/posts"}],"about":[{"href":"https:\/\/www.egemtv.com\/index.php?rest_route=\/wp\/v2\/types\/post"}],"author":[{"embeddable":true,"href":"https:\/\/www.egemtv.com\/index.php?rest_route=\/wp\/v2\/users\/1"}],"replies":[{"embeddable":true,"href":"https:\/\/www.egemtv.com\/index.php?rest_route=%2Fwp%2Fv2%2Fcomments&post=86948"}],"version-history":[{"count":1,"href":"https:\/\/www.egemtv.com\/index.php?rest_route=\/wp\/v2\/posts\/86948\/revisions"}],"predecessor-version":[{"id":86950,"href":"https:\/\/www.egemtv.com\/index.php?rest_route=\/wp\/v2\/posts\/86948\/revisions\/86950"}],"wp:featuredmedia":[{"embeddable":true,"href":"https:\/\/www.egemtv.com\/index.php?rest_route=\/wp\/v2\/media\/86949"}],"wp:attachment":[{"href":"https:\/\/www.egemtv.com\/index.php?rest_route=%2Fwp%2Fv2%2Fmedia&parent=86948"}],"wp:term":[{"taxonomy":"category","embeddable":true,"href":"https:\/\/www.egemtv.com\/index.php?rest_route=%2Fwp%2Fv2%2Fcategories&post=86948"},{"taxonomy":"post_tag","embeddable":true,"href":"https:\/\/www.egemtv.com\/index.php?rest_route=%2Fwp%2Fv2%2Ftags&post=86948"}],"curies":[{"name":"wp","href":"https:\/\/api.w.org\/{rel}","templated":true}]}}