{"id":86945,"date":"2026-02-11T12:15:14","date_gmt":"2026-02-11T09:15:14","guid":{"rendered":"https:\/\/www.egemtv.com\/?p=86945"},"modified":"2026-02-11T12:15:15","modified_gmt":"2026-02-11T09:15:15","slug":"baskan-tetik-dumlupinar-ve-sumerde-vatandaslari-dinledi","status":"publish","type":"post","link":"https:\/\/www.egemtv.com\/?p=86945","title":{"rendered":"Ba\u015fkan Tetik, Dumlup\u0131nar ve S\u00fcmer\u2019de vatanda\u015flar\u0131 dinledi"},"content":{"rendered":"<p>Nazilli Belediye Ba\u015fkan\u0131 Dr. Ertu\u011frul Tetik, vatanda\u015flarla do\u011frudan ileti\u015fim kurmak amac\u0131yla s\u00fcrd\u00fcrd\u00fc\u011f\u00fc \u2018halk bulu\u015fmalar\u0131\u2019 kapsam\u0131nda Dumlup\u0131nar ve S\u00fcmer Mahallesi sakinleriyle bir araya geldi. Mahalle ziyaretlerine ba\u015fkan yard\u0131mc\u0131lar\u0131, daire m\u00fcd\u00fcrleri ve mahalle muhtarlar\u0131 da e\u015flik etti.<br \/>\n<br \/>Mahallelerde vatanda\u015flarla bire bir g\u00f6r\u00fc\u015fen Ba\u015fkan Tetik, iletilen talep ve \u00f6nerileri tek tek dinleyerek not ald\u0131. Ziyaretlerde \u00f6zellikle imar sorunlar\u0131, \u00e7evre d\u00fczenlemeleri, yol bak\u0131m-onar\u0131m ihtiya\u00e7lar\u0131, park ve sosyal alan talepleri gibi konular g\u00fcndeme geldi. Vatanda\u015flar\u0131n sorunlar\u0131n\u0131 yerinde g\u00f6rmenin \u00e7\u00f6z\u00fcm s\u00fcrecini h\u0131zland\u0131rd\u0131\u011f\u0131n\u0131 belirten Tetik, ilgili birim m\u00fcd\u00fcrlerine gerekli inceleme ve \u00e7al\u0131\u015fmalar\u0131n ba\u015flat\u0131lmas\u0131 y\u00f6n\u00fcnde talimat verdi.<br \/>\n<br \/>G\u00f6reve geldi\u011fi g\u00fcnden bu yana hem merkez mahallelerde hem de k\u0131rsal b\u00f6lgelerde d\u00fczenli olarak halk bulu\u015fmalar\u0131 ger\u00e7ekle\u015ftirdiklerini ifade eden Ba\u015fkan Tetik, &#8220;Belediyecilik makamdan de\u011fil, sahadan yap\u0131l\u0131r. Vatanda\u015f\u0131m\u0131z\u0131 dinlemek, sorunlar\u0131 yerinde g\u00f6rmek ve h\u0131zl\u0131 \u00e7\u00f6z\u00fcm \u00fcretmek bizim \u00f6nceli\u011fimizdir. Bu bulu\u015fmalar sayesinde hem\u015fehrilerimizin beklentilerini do\u011frudan \u00f6\u011freniyoruz&#8221; dedi.<br \/>\n<br \/>Mahalle sakinleri de ger\u00e7ekle\u015ftirilen ziyaretlerden duyduklar\u0131 memnuniyeti dile getirerek, taleplerini do\u011frudan belediye ba\u015fkan\u0131na iletme f\u0131rsat\u0131 bulduklar\u0131n\u0131 belirtti.<br \/>\n<br \/>Nazilli Belediyesi\u2019nin kat\u0131l\u0131mc\u0131 ve \u015feffaf y\u00f6netim anlay\u0131\u015f\u0131 do\u011frultusunda d\u00fczenlenen mahalle bulu\u015fmalar\u0131n\u0131n \u00f6n\u00fcm\u00fczdeki g\u00fcnlerde de farkl\u0131 mahallelerde devam edece\u011fini belirten Ba\u015fkan Tetik, vatanda\u015flarla kurulan g\u00fc\u00e7l\u00fc ileti\u015fimin kentin geli\u015fimine katk\u0131 sa\u011flad\u0131\u011f\u0131n\u0131 vurgulad\u0131.<br \/><\/p>\n","protected":false},"excerpt":{"rendered":"<p>Nazilli Belediye Ba\u015fkan\u0131 Dr. Ertu\u011frul Tetik, vatanda\u015flarla do\u011frudan ileti\u015fim kurmak amac\u0131yla s\u00fcrd\u00fcrd\u00fc\u011f\u00fc \u2018halk bulu\u015fmalar\u0131\u2019 kapsam\u0131nda Dumlup\u0131nar ve S\u00fcmer Mahallesi sakinleriyle bir araya geldi. Mahalle ziyaretlerine ba\u015fkan yard\u0131mc\u0131lar\u0131, daire m\u00fcd\u00fcrleri ve mahalle muhtarlar\u0131 da e\u015flik etti. Mahallelerde vatanda\u015flarla bire bir g\u00f6r\u00fc\u015fen Ba\u015fkan Tetik, iletilen talep ve \u00f6nerileri tek tek dinleyerek not ald\u0131. Ziyaretlerde \u00f6zellikle imar sorunlar\u0131,&#8230;<\/p>\n","protected":false},"author":1,"featured_media":86946,"comment_status":"open","ping_status":"open","sticky":false,"template":"","format":"standard","meta":{"_crdt_document":"","footnotes":""},"categories":[1],"tags":[],"class_list":["post-86945","post","type-post","status-publish","format-standard","has-post-thumbnail","hentry","category-guncel"],"_links":{"self":[{"href":"https:\/\/www.egemtv.com\/index.php?rest_route=\/wp\/v2\/posts\/86945","targetHints":{"allow":["GET"]}}],"collection":[{"href":"https:\/\/www.egemtv.com\/index.php?rest_route=\/wp\/v2\/posts"}],"about":[{"href":"https:\/\/www.egemtv.com\/index.php?rest_route=\/wp\/v2\/types\/post"}],"author":[{"embeddable":true,"href":"https:\/\/www.egemtv.com\/index.php?rest_route=\/wp\/v2\/users\/1"}],"replies":[{"embeddable":true,"href":"https:\/\/www.egemtv.com\/index.php?rest_route=%2Fwp%2Fv2%2Fcomments&post=86945"}],"version-history":[{"count":1,"href":"https:\/\/www.egemtv.com\/index.php?rest_route=\/wp\/v2\/posts\/86945\/revisions"}],"predecessor-version":[{"id":86947,"href":"https:\/\/www.egemtv.com\/index.php?rest_route=\/wp\/v2\/posts\/86945\/revisions\/86947"}],"wp:featuredmedia":[{"embeddable":true,"href":"https:\/\/www.egemtv.com\/index.php?rest_route=\/wp\/v2\/media\/86946"}],"wp:attachment":[{"href":"https:\/\/www.egemtv.com\/index.php?rest_route=%2Fwp%2Fv2%2Fmedia&parent=86945"}],"wp:term":[{"taxonomy":"category","embeddable":true,"href":"https:\/\/www.egemtv.com\/index.php?rest_route=%2Fwp%2Fv2%2Fcategories&post=86945"},{"taxonomy":"post_tag","embeddable":true,"href":"https:\/\/www.egemtv.com\/index.php?rest_route=%2Fwp%2Fv2%2Ftags&post=86945"}],"curies":[{"name":"wp","href":"https:\/\/api.w.org\/{rel}","templated":true}]}}