{"id":86942,"date":"2026-02-11T12:15:12","date_gmt":"2026-02-11T09:15:12","guid":{"rendered":"https:\/\/www.egemtv.com\/?p=86942"},"modified":"2026-02-11T12:15:13","modified_gmt":"2026-02-11T09:15:13","slug":"fethiyede-lise-ogrencilerine-bilisim-yoluyla-dolandiricilik-semineri","status":"publish","type":"post","link":"https:\/\/www.egemtv.com\/?p=86942","title":{"rendered":"Fethiye\u2019de lise \u00f6\u011frencilerine Bili\u015fim Yoluyla Doland\u0131r\u0131c\u0131l\u0131k semineri"},"content":{"rendered":"<p>Fethiye\u2019de lise \u00f6\u011frencilerine y\u00f6nelik &#8220;Bili\u015fim Yoluyla Doland\u0131r\u0131c\u0131l\u0131k Su\u00e7lar\u0131 Hakk\u0131nda Fark\u0131ndal\u0131k \u00c7al\u0131\u015fmalar\u0131&#8221; kapsam\u0131nda bilgilendirme semineri d\u00fczenlendi.<\/p>\n<p>\u015eehit S\u00fcmer Deniz K\u0131z Anadolu \u0130mam Hatip Lisesi Konferans Salonu\u2019nda ger\u00e7ekle\u015ftirilen program, Fethiye Cumhuriyet Ba\u015fsavc\u0131l\u0131\u011f\u0131 ile Fethiye \u0130l\u00e7e Milli E\u011fitim M\u00fcd\u00fcrl\u00fc\u011f\u00fc i\u015f birli\u011finde hayata ge\u00e7irildi. Seminere \u00f6\u011frenciler ve \u00f6\u011fretmenler yo\u011fun ilgi g\u00f6sterdi. Seminerde, Cumhuriyet Ba\u015fsavc\u0131l\u0131\u011f\u0131 Bili\u015fim Su\u00e7lar\u0131 Soru\u015fturma B\u00fcrosu taraf\u0131ndan haz\u0131rlanan sunumlarla \u00f6\u011frencilere dijital doland\u0131r\u0131c\u0131l\u0131k y\u00f6ntemleri, hukuki sorumluluklar ve korunma yollar\u0131 hakk\u0131nda detayl\u0131 bilgiler verildi.<\/p>\n<p>Programda konu\u015fan Fethiye Cumhuriyet Ba\u015fsavc\u0131s\u0131 G\u00fcn\u015fafak Karart\u0131, son d\u00f6nemde bili\u015fim sistemleri kullan\u0131larak i\u015flenen doland\u0131r\u0131c\u0131l\u0131k su\u00e7lar\u0131nda \u00f6zellikle gen\u00e7lerin hedef al\u0131nd\u0131\u011f\u0131na dikkat \u00e7ekti.<\/p>\n<p>\u00d6\u011frencilerin, hukuki ve cezai sonu\u00e7lar\u0131n\u0131 bilmeden banka hesaplar\u0131n\u0131 veya ki\u015fisel bilgilerini \u00fc\u00e7\u00fcnc\u00fc ki\u015filere kulland\u0131rmalar\u0131 nedeniyle su\u00e7 s\u00fcrecine dahil edilebildiklerini belirten Karart\u0131, bu durumun gen\u00e7leri san\u0131k konumuna d\u00fc\u015f\u00fcrd\u00fc\u011f\u00fcn\u00fc ve ilerleyen ya\u015famlar\u0131nda telafisi g\u00fc\u00e7 sorunlara yol a\u00e7abildi\u011fini ifade etti.<\/p>\n<p>Gen\u00e7lerin korunmas\u0131n\u0131n b\u00fcy\u00fck \u00f6nem ta\u015f\u0131d\u0131\u011f\u0131n\u0131 vurgulayan Karart\u0131, Cumhuriyet Ba\u015fsavc\u0131l\u0131\u011f\u0131 \u00f6nc\u00fcl\u00fc\u011f\u00fcnde ilgili kurumlarla koordineli \u015fekilde kapsaml\u0131 bir bilgilendirme ve bilin\u00e7lendirme \u00e7al\u0131\u015fmas\u0131 ba\u015flat\u0131ld\u0131\u011f\u0131n\u0131 s\u00f6yledi. Bu kapsamda seminerler d\u00fczenlendi\u011fini, bilgilendirici bro\u015f\u00fcr ve videolar\u0131n \u00f6\u011frencilere ula\u015ft\u0131r\u0131ld\u0131\u011f\u0131n\u0131, \u015fehir genelinde fark\u0131ndal\u0131k \u00e7al\u0131\u015fmalar\u0131n\u0131n s\u00fcrd\u00fcr\u00fcld\u00fc\u011f\u00fcn\u00fc kaydetti.<br \/><\/p>\n","protected":false},"excerpt":{"rendered":"<p>Fethiye\u2019de lise \u00f6\u011frencilerine y\u00f6nelik &#8220;Bili\u015fim Yoluyla Doland\u0131r\u0131c\u0131l\u0131k Su\u00e7lar\u0131 Hakk\u0131nda Fark\u0131ndal\u0131k \u00c7al\u0131\u015fmalar\u0131&#8221; kapsam\u0131nda bilgilendirme semineri d\u00fczenlendi. \u015eehit S\u00fcmer Deniz K\u0131z Anadolu \u0130mam Hatip Lisesi Konferans Salonu\u2019nda ger\u00e7ekle\u015ftirilen program, Fethiye Cumhuriyet Ba\u015fsavc\u0131l\u0131\u011f\u0131 ile Fethiye \u0130l\u00e7e Milli E\u011fitim M\u00fcd\u00fcrl\u00fc\u011f\u00fc i\u015f birli\u011finde hayata ge\u00e7irildi. Seminere \u00f6\u011frenciler ve \u00f6\u011fretmenler yo\u011fun ilgi g\u00f6sterdi. Seminerde, Cumhuriyet Ba\u015fsavc\u0131l\u0131\u011f\u0131 Bili\u015fim Su\u00e7lar\u0131 Soru\u015fturma B\u00fcrosu taraf\u0131ndan&#8230;<\/p>\n","protected":false},"author":1,"featured_media":86943,"comment_status":"open","ping_status":"open","sticky":false,"template":"","format":"standard","meta":{"_crdt_document":"","footnotes":""},"categories":[5],"tags":[],"class_list":["post-86942","post","type-post","status-publish","format-standard","has-post-thumbnail","hentry","category-asayis"],"_links":{"self":[{"href":"https:\/\/www.egemtv.com\/index.php?rest_route=\/wp\/v2\/posts\/86942","targetHints":{"allow":["GET"]}}],"collection":[{"href":"https:\/\/www.egemtv.com\/index.php?rest_route=\/wp\/v2\/posts"}],"about":[{"href":"https:\/\/www.egemtv.com\/index.php?rest_route=\/wp\/v2\/types\/post"}],"author":[{"embeddable":true,"href":"https:\/\/www.egemtv.com\/index.php?rest_route=\/wp\/v2\/users\/1"}],"replies":[{"embeddable":true,"href":"https:\/\/www.egemtv.com\/index.php?rest_route=%2Fwp%2Fv2%2Fcomments&post=86942"}],"version-history":[{"count":1,"href":"https:\/\/www.egemtv.com\/index.php?rest_route=\/wp\/v2\/posts\/86942\/revisions"}],"predecessor-version":[{"id":86944,"href":"https:\/\/www.egemtv.com\/index.php?rest_route=\/wp\/v2\/posts\/86942\/revisions\/86944"}],"wp:featuredmedia":[{"embeddable":true,"href":"https:\/\/www.egemtv.com\/index.php?rest_route=\/wp\/v2\/media\/86943"}],"wp:attachment":[{"href":"https:\/\/www.egemtv.com\/index.php?rest_route=%2Fwp%2Fv2%2Fmedia&parent=86942"}],"wp:term":[{"taxonomy":"category","embeddable":true,"href":"https:\/\/www.egemtv.com\/index.php?rest_route=%2Fwp%2Fv2%2Fcategories&post=86942"},{"taxonomy":"post_tag","embeddable":true,"href":"https:\/\/www.egemtv.com\/index.php?rest_route=%2Fwp%2Fv2%2Ftags&post=86942"}],"curies":[{"name":"wp","href":"https:\/\/api.w.org\/{rel}","templated":true}]}}