{"id":86939,"date":"2026-02-11T12:15:11","date_gmt":"2026-02-11T09:15:11","guid":{"rendered":"https:\/\/www.egemtv.com\/?p=86939"},"modified":"2026-02-11T12:15:12","modified_gmt":"2026-02-11T09:15:12","slug":"kutahyanin-nufusu-geriledi","status":"publish","type":"post","link":"https:\/\/www.egemtv.com\/?p=86939","title":{"rendered":"K\u00fctahya\u2019n\u0131n n\u00fcfusu geriledi"},"content":{"rendered":"<p>T\u00fcrkiye \u0130statistik Kurumu\u2019nun (T\u00dc\u0130K) 2024-2025 Adrese Dayal\u0131 N\u00fcfus Kay\u0131t Sistemi (ADNKS) sonu\u00e7lar\u0131na g\u00f6re, K\u00fctahya\u2019n\u0131n n\u00fcfusu bir \u00f6nceki y\u0131la g\u00f6re azalarak 571 bin 78\u2019den 570 bin 478\u2019e d\u00fc\u015ft\u00fc.<br \/>\n<br \/>A\u00e7\u0131klanan verilere g\u00f6re kent genelinde n\u00fcfus d\u00fc\u015f\u00fc\u015f\u00fc ya\u015fan\u0131rken, il ve il\u00e7e merkezlerinde art\u0131\u015f, belde ve k\u00f6ylerde ise dikkat \u00e7ekici bir azalma g\u00f6r\u00fcld\u00fc.<br \/>\n<br \/>2024 y\u0131l\u0131nda 424 bin 87 olan il ve il\u00e7e merkezlerinde ya\u015fayan n\u00fcfus, 2025\u2019te 425 bin 425\u2019e y\u00fckseldi. Buna kar\u015f\u0131l\u0131k belde ve k\u00f6ylerde ya\u015fayan n\u00fcfus ise ayn\u0131 d\u00f6nemde 146 bin 991\u2019den 145 bin 53\u2019e geriledi.<br \/>\n<br \/>K\u00fctahya\u2019da n\u00fcfus art\u0131\u015f h\u0131z\u0131n\u0131n son iki y\u0131ld\u0131r negatif seyretmesi de dikkat \u00e7ekti. 2023-2024 d\u00f6neminde eksi binde 8,0 olan n\u00fcfus art\u0131\u015f h\u0131z\u0131, 2024-2025 d\u00f6neminde eksi binde 1,1 olarak ger\u00e7ekle\u015fti.<br \/>\n<br \/>\u00d6te yandan y\u0131ll\u0131k n\u00fcfus verileri incelendi\u011finde, K\u00fctahya\u2019n\u0131n 2010\u2019lu y\u0131llardan bu yana ilk kez yeniden 570 bin band\u0131na indi\u011fi g\u00f6r\u00fcld\u00fc. 2011 y\u0131l\u0131nda 564 bin 264 olan n\u00fcfus, izleyen y\u0131llarda dalgal\u0131 bir seyir izlerken, 2023\u2019te 575 bin 674\u2019e ula\u015ft\u0131. Ancak n\u00fcfus, 2024\u2019te 571 bin 78\u2019e, 2025 y\u0131l\u0131nda ise 570 bin 478\u2019e geriledi.<br \/>\n<br \/>K\u00fctahyal\u0131 vatanda\u015flar, kentin n\u00fcfusunun d\u00fc\u015f\u00fc\u015f\u00fcn\u00fcn ekonomik durumlarla ba\u011flant\u0131l\u0131 oldu\u011funu ifade ettiler.<br \/><\/p>\n","protected":false},"excerpt":{"rendered":"<p>T\u00fcrkiye \u0130statistik Kurumu\u2019nun (T\u00dc\u0130K) 2024-2025 Adrese Dayal\u0131 N\u00fcfus Kay\u0131t Sistemi (ADNKS) sonu\u00e7lar\u0131na g\u00f6re, K\u00fctahya\u2019n\u0131n n\u00fcfusu bir \u00f6nceki y\u0131la g\u00f6re azalarak 571 bin 78\u2019den 570 bin 478\u2019e d\u00fc\u015ft\u00fc. A\u00e7\u0131klanan verilere g\u00f6re kent genelinde n\u00fcfus d\u00fc\u015f\u00fc\u015f\u00fc ya\u015fan\u0131rken, il ve il\u00e7e merkezlerinde art\u0131\u015f, belde ve k\u00f6ylerde ise dikkat \u00e7ekici bir azalma g\u00f6r\u00fcld\u00fc. 2024 y\u0131l\u0131nda 424 bin 87 olan&#8230;<\/p>\n","protected":false},"author":1,"featured_media":86940,"comment_status":"open","ping_status":"open","sticky":false,"template":"","format":"standard","meta":{"_crdt_document":"","footnotes":""},"categories":[123],"tags":[],"class_list":["post-86939","post","type-post","status-publish","format-standard","has-post-thumbnail","hentry","category-gundem"],"_links":{"self":[{"href":"https:\/\/www.egemtv.com\/index.php?rest_route=\/wp\/v2\/posts\/86939","targetHints":{"allow":["GET"]}}],"collection":[{"href":"https:\/\/www.egemtv.com\/index.php?rest_route=\/wp\/v2\/posts"}],"about":[{"href":"https:\/\/www.egemtv.com\/index.php?rest_route=\/wp\/v2\/types\/post"}],"author":[{"embeddable":true,"href":"https:\/\/www.egemtv.com\/index.php?rest_route=\/wp\/v2\/users\/1"}],"replies":[{"embeddable":true,"href":"https:\/\/www.egemtv.com\/index.php?rest_route=%2Fwp%2Fv2%2Fcomments&post=86939"}],"version-history":[{"count":1,"href":"https:\/\/www.egemtv.com\/index.php?rest_route=\/wp\/v2\/posts\/86939\/revisions"}],"predecessor-version":[{"id":86941,"href":"https:\/\/www.egemtv.com\/index.php?rest_route=\/wp\/v2\/posts\/86939\/revisions\/86941"}],"wp:featuredmedia":[{"embeddable":true,"href":"https:\/\/www.egemtv.com\/index.php?rest_route=\/wp\/v2\/media\/86940"}],"wp:attachment":[{"href":"https:\/\/www.egemtv.com\/index.php?rest_route=%2Fwp%2Fv2%2Fmedia&parent=86939"}],"wp:term":[{"taxonomy":"category","embeddable":true,"href":"https:\/\/www.egemtv.com\/index.php?rest_route=%2Fwp%2Fv2%2Fcategories&post=86939"},{"taxonomy":"post_tag","embeddable":true,"href":"https:\/\/www.egemtv.com\/index.php?rest_route=%2Fwp%2Fv2%2Ftags&post=86939"}],"curies":[{"name":"wp","href":"https:\/\/api.w.org\/{rel}","templated":true}]}}