{"id":86936,"date":"2026-02-11T12:15:10","date_gmt":"2026-02-11T09:15:10","guid":{"rendered":"https:\/\/www.egemtv.com\/?p=86936"},"modified":"2026-02-11T12:15:11","modified_gmt":"2026-02-11T09:15:11","slug":"tavsanlida-trafik-kazasi-1-yarali-14","status":"publish","type":"post","link":"https:\/\/www.egemtv.com\/?p=86936","title":{"rendered":"Tav\u015fanl\u0131\u2019da trafik kazas\u0131 1 yaral\u0131"},"content":{"rendered":"<p>K\u00fctahya\u2019n\u0131n Tav\u015fanl\u0131 il\u00e7esinde meydana gelen tek tarafl\u0131 trafik kazas\u0131nda, direksiyon hakimiyetini kaybeden motokurye yaralanarak hastaneye kald\u0131r\u0131ld\u0131.<br \/>\n<br \/>Kaza, Tav\u015fanl\u0131 \u00e7evre yolu Kuru\u00e7ay \u0131\u015f\u0131kl\u0131 kav\u015fa\u011f\u0131 mevkisinde bulunan bir akaryak\u0131t istasyonu \u00f6n\u00fcnde meydana geldi.<br \/>\n<br \/>Edinilen bilgiye g\u00f6re, M.\u015e. idaresindeki motosiklet, Kuru\u00e7ay \u0131\u015f\u0131kl\u0131 kav\u015fa\u011f\u0131ndan Kaymakaml\u0131k istikametine seyir halindeyken s\u00fcr\u00fcc\u00fcs\u00fcn\u00fcn direksiyon hakimiyetini kaybetmesi sonucu devrildi. Yola savrulan motosiklet s\u00fcr\u00fcc\u00fcs\u00fc yaraland\u0131.<br \/>\n<br \/>Kazay\u0131 g\u00f6ren vatanda\u015flar\u0131n ihbar\u0131 \u00fczerine olay yerine 112 Acil Sa\u011fl\u0131k ve polis ekipleri sevk edildi. Yaral\u0131 motokuryeye olay yerinde yap\u0131lan ilk m\u00fcdahalenin ard\u0131ndan, Tav\u015fanl\u0131 Do\u00e7. Dr. Mustafa Kalemli Devlet Hastanesi\u2019ne kald\u0131r\u0131larak tedavi alt\u0131na al\u0131nd\u0131.<br \/>\n<br \/>Kazayla ilgili inceleme ba\u015flat\u0131ld\u0131.<br \/><\/p>\n","protected":false},"excerpt":{"rendered":"<p>K\u00fctahya\u2019n\u0131n Tav\u015fanl\u0131 il\u00e7esinde meydana gelen tek tarafl\u0131 trafik kazas\u0131nda, direksiyon hakimiyetini kaybeden motokurye yaralanarak hastaneye kald\u0131r\u0131ld\u0131. Kaza, Tav\u015fanl\u0131 \u00e7evre yolu Kuru\u00e7ay \u0131\u015f\u0131kl\u0131 kav\u015fa\u011f\u0131 mevkisinde bulunan bir akaryak\u0131t istasyonu \u00f6n\u00fcnde meydana geldi. Edinilen bilgiye g\u00f6re, M.\u015e. idaresindeki motosiklet, Kuru\u00e7ay \u0131\u015f\u0131kl\u0131 kav\u015fa\u011f\u0131ndan Kaymakaml\u0131k istikametine seyir halindeyken s\u00fcr\u00fcc\u00fcs\u00fcn\u00fcn direksiyon hakimiyetini kaybetmesi sonucu devrildi. Yola savrulan motosiklet s\u00fcr\u00fcc\u00fcs\u00fc yaraland\u0131&#8230;.<\/p>\n","protected":false},"author":1,"featured_media":86937,"comment_status":"open","ping_status":"open","sticky":false,"template":"","format":"standard","meta":{"_crdt_document":"","footnotes":""},"categories":[5],"tags":[],"class_list":["post-86936","post","type-post","status-publish","format-standard","has-post-thumbnail","hentry","category-asayis"],"_links":{"self":[{"href":"https:\/\/www.egemtv.com\/index.php?rest_route=\/wp\/v2\/posts\/86936","targetHints":{"allow":["GET"]}}],"collection":[{"href":"https:\/\/www.egemtv.com\/index.php?rest_route=\/wp\/v2\/posts"}],"about":[{"href":"https:\/\/www.egemtv.com\/index.php?rest_route=\/wp\/v2\/types\/post"}],"author":[{"embeddable":true,"href":"https:\/\/www.egemtv.com\/index.php?rest_route=\/wp\/v2\/users\/1"}],"replies":[{"embeddable":true,"href":"https:\/\/www.egemtv.com\/index.php?rest_route=%2Fwp%2Fv2%2Fcomments&post=86936"}],"version-history":[{"count":1,"href":"https:\/\/www.egemtv.com\/index.php?rest_route=\/wp\/v2\/posts\/86936\/revisions"}],"predecessor-version":[{"id":86938,"href":"https:\/\/www.egemtv.com\/index.php?rest_route=\/wp\/v2\/posts\/86936\/revisions\/86938"}],"wp:featuredmedia":[{"embeddable":true,"href":"https:\/\/www.egemtv.com\/index.php?rest_route=\/wp\/v2\/media\/86937"}],"wp:attachment":[{"href":"https:\/\/www.egemtv.com\/index.php?rest_route=%2Fwp%2Fv2%2Fmedia&parent=86936"}],"wp:term":[{"taxonomy":"category","embeddable":true,"href":"https:\/\/www.egemtv.com\/index.php?rest_route=%2Fwp%2Fv2%2Fcategories&post=86936"},{"taxonomy":"post_tag","embeddable":true,"href":"https:\/\/www.egemtv.com\/index.php?rest_route=%2Fwp%2Fv2%2Ftags&post=86936"}],"curies":[{"name":"wp","href":"https:\/\/api.w.org\/{rel}","templated":true}]}}