{"id":86933,"date":"2026-02-11T11:54:37","date_gmt":"2026-02-11T08:54:37","guid":{"rendered":"https:\/\/www.egemtv.com\/?p=86933"},"modified":"2026-02-11T11:54:37","modified_gmt":"2026-02-11T08:54:37","slug":"emirdagli-sporcu-abu-dabiden-madalya-ile-dondu","status":"publish","type":"post","link":"https:\/\/www.egemtv.com\/?p=86933","title":{"rendered":"Emirda\u011fl\u0131 sporcu Abu Dabi\u2019den madalya ile d\u00f6nd\u00fc"},"content":{"rendered":"<p>Birle\u015fik Arap Emirlikleri\u2019nin \u2018Abu Dabi\u2019 \u015fehrinde d\u00fczenlenen \u20182026 A\u00e7\u0131k Master Oyunlar\u0131\u2019nda T\u00fcrkiye\u2019yi temsil eden Emirda\u011fl\u0131 Ali \u00c7ilo\u011flu, \u2018Muaythai\u2019 Bran\u015f\u0131n da\u2019 D\u00fcnya ikincisi olarak g\u00fcm\u00fc\u015f madalya kazand\u0131.<br \/>\n<br \/>D\u00fcnyan\u0131n d\u00f6rt bir yan\u0131ndan gelen g\u00fc\u00e7l\u00fc ve tecr\u00fcbeli sporcular, dev organizasyonda m\u00fccadele etti. Azmi, disiplini ve bitmek bilmeyen m\u00fccadele ruhuyla mindere \u00e7\u0131kan Emirda\u011fl\u0131 sporcu Ali \u00c7ilo\u011flu; ay-y\u0131ld\u0131zl\u0131 T\u00fcrk Bayra\u011f\u0131n\u0131 k\u00fcrs\u00fcye ta\u015f\u0131yarak hem T\u00fcrkiye\u2019ye, hem de Emirda\u011f\u2019\u0131na b\u00fcy\u00fck bir gurur ya\u015fatt\u0131.<br \/>\n<br \/>Emirda\u011fl\u0131 sporcu Ali \u00c7ilo\u011flu y\u0131llard\u0131r \u2018Muaythai Bran\u015f\u0131na\u2019 verdi\u011fi emeklerle Emirda\u011f\u2019a say\u0131s\u0131z milli sporcu kazand\u0131rd\u0131. \u00c7ilo\u011flu sadece kazand\u0131\u011f\u0131 madalyalarla de\u011fil, yeti\u015ftirdi\u011fi sporcularla da iz b\u0131rakt\u0131.<br \/><\/p>\n","protected":false},"excerpt":{"rendered":"<p>Birle\u015fik Arap Emirlikleri\u2019nin \u2018Abu Dabi\u2019 \u015fehrinde d\u00fczenlenen \u20182026 A\u00e7\u0131k Master Oyunlar\u0131\u2019nda T\u00fcrkiye\u2019yi temsil eden Emirda\u011fl\u0131 Ali \u00c7ilo\u011flu, \u2018Muaythai\u2019 Bran\u015f\u0131n da\u2019 D\u00fcnya ikincisi olarak g\u00fcm\u00fc\u015f madalya kazand\u0131. D\u00fcnyan\u0131n d\u00f6rt bir yan\u0131ndan gelen g\u00fc\u00e7l\u00fc ve tecr\u00fcbeli sporcular, dev organizasyonda m\u00fccadele etti. Azmi, disiplini ve bitmek bilmeyen m\u00fccadele ruhuyla mindere \u00e7\u0131kan Emirda\u011fl\u0131 sporcu Ali \u00c7ilo\u011flu; ay-y\u0131ld\u0131zl\u0131 T\u00fcrk Bayra\u011f\u0131n\u0131&#8230;<\/p>\n","protected":false},"author":1,"featured_media":86934,"comment_status":"open","ping_status":"open","sticky":false,"template":"","format":"standard","meta":{"_crdt_document":"","footnotes":""},"categories":[4],"tags":[],"class_list":["post-86933","post","type-post","status-publish","format-standard","has-post-thumbnail","hentry","category-spor"],"_links":{"self":[{"href":"https:\/\/www.egemtv.com\/index.php?rest_route=\/wp\/v2\/posts\/86933","targetHints":{"allow":["GET"]}}],"collection":[{"href":"https:\/\/www.egemtv.com\/index.php?rest_route=\/wp\/v2\/posts"}],"about":[{"href":"https:\/\/www.egemtv.com\/index.php?rest_route=\/wp\/v2\/types\/post"}],"author":[{"embeddable":true,"href":"https:\/\/www.egemtv.com\/index.php?rest_route=\/wp\/v2\/users\/1"}],"replies":[{"embeddable":true,"href":"https:\/\/www.egemtv.com\/index.php?rest_route=%2Fwp%2Fv2%2Fcomments&post=86933"}],"version-history":[{"count":1,"href":"https:\/\/www.egemtv.com\/index.php?rest_route=\/wp\/v2\/posts\/86933\/revisions"}],"predecessor-version":[{"id":86935,"href":"https:\/\/www.egemtv.com\/index.php?rest_route=\/wp\/v2\/posts\/86933\/revisions\/86935"}],"wp:featuredmedia":[{"embeddable":true,"href":"https:\/\/www.egemtv.com\/index.php?rest_route=\/wp\/v2\/media\/86934"}],"wp:attachment":[{"href":"https:\/\/www.egemtv.com\/index.php?rest_route=%2Fwp%2Fv2%2Fmedia&parent=86933"}],"wp:term":[{"taxonomy":"category","embeddable":true,"href":"https:\/\/www.egemtv.com\/index.php?rest_route=%2Fwp%2Fv2%2Fcategories&post=86933"},{"taxonomy":"post_tag","embeddable":true,"href":"https:\/\/www.egemtv.com\/index.php?rest_route=%2Fwp%2Fv2%2Ftags&post=86933"}],"curies":[{"name":"wp","href":"https:\/\/api.w.org\/{rel}","templated":true}]}}