{"id":86930,"date":"2026-02-11T11:34:55","date_gmt":"2026-02-11T08:34:55","guid":{"rendered":"https:\/\/www.egemtv.com\/?p=86930"},"modified":"2026-02-11T11:34:56","modified_gmt":"2026-02-11T08:34:56","slug":"il-tarim-ve-orman-mudurlugunde-hizmet-ici-egitim","status":"publish","type":"post","link":"https:\/\/www.egemtv.com\/?p=86930","title":{"rendered":"\u0130l Tar\u0131m ve Orman M\u00fcd\u00fcrl\u00fc\u011f\u00fcnde hizmet i\u00e7i e\u011fitim"},"content":{"rendered":"<p>Afyonkarahisar \u0130l Tar\u0131m ve Orman M\u00fcd\u00fcrl\u00fc\u011f\u00fc taraf\u0131ndan personellere y\u00f6nelik \u2018Bitki Sa\u011fl\u0131\u011f\u0131 B-Recete Uygulamalar\u0131\u2019 e\u011fitimi verildi.<br \/>\n<br \/>Toplant\u0131 \u0130l Tar\u0131m ve Orman M\u00fcd\u00fcrl\u00fc\u011f\u00fc \u00d6zkan Parlak ba\u015fkanl\u0131\u011f\u0131nda yap\u0131ld\u0131. \u00c7ok say\u0131da personelin kat\u0131ld\u0131\u011f\u0131 toplant\u0131da 2025 y\u0131l\u0131 Bitki Sa\u011fl\u0131\u011f\u0131 De\u011ferlendirme ve B-Recete Uygulamalar\u0131 \u00e7er\u00e7evesinde bilgilendirme yap\u0131ld\u0131. Toplant\u0131da, 2025 y\u0131l\u0131nda bitki sa\u011fl\u0131\u011f\u0131 konusunda yap\u0131lan faaliyetlerin de\u011ferlendirilmesi, 2026 y\u0131l\u0131 bitki sa\u011fl\u0131\u011f\u0131 faaliyetlerinin planlanmas\u0131, B-Re\u00e7ete sistemine ge\u00e7i\u015f s\u00fcrecinde sahada kar\u015f\u0131la\u015f\u0131labilecek problemler ile bitki koruma \u00fcr\u00fcnleri bayilerinin uygulama s\u0131ras\u0131nda ya\u015fayabilece\u011fi teknik sorunlar ele al\u0131nd\u0131.<br \/><\/p>\n","protected":false},"excerpt":{"rendered":"<p>Afyonkarahisar \u0130l Tar\u0131m ve Orman M\u00fcd\u00fcrl\u00fc\u011f\u00fc taraf\u0131ndan personellere y\u00f6nelik \u2018Bitki Sa\u011fl\u0131\u011f\u0131 B-Recete Uygulamalar\u0131\u2019 e\u011fitimi verildi. Toplant\u0131 \u0130l Tar\u0131m ve Orman M\u00fcd\u00fcrl\u00fc\u011f\u00fc \u00d6zkan Parlak ba\u015fkanl\u0131\u011f\u0131nda yap\u0131ld\u0131. \u00c7ok say\u0131da personelin kat\u0131ld\u0131\u011f\u0131 toplant\u0131da 2025 y\u0131l\u0131 Bitki Sa\u011fl\u0131\u011f\u0131 De\u011ferlendirme ve B-Recete Uygulamalar\u0131 \u00e7er\u00e7evesinde bilgilendirme yap\u0131ld\u0131. Toplant\u0131da, 2025 y\u0131l\u0131nda bitki sa\u011fl\u0131\u011f\u0131 konusunda yap\u0131lan faaliyetlerin de\u011ferlendirilmesi, 2026 y\u0131l\u0131 bitki sa\u011fl\u0131\u011f\u0131 faaliyetlerinin&#8230;<\/p>\n","protected":false},"author":1,"featured_media":86931,"comment_status":"open","ping_status":"open","sticky":false,"template":"","format":"standard","meta":{"_crdt_document":"","footnotes":""},"categories":[1],"tags":[],"class_list":["post-86930","post","type-post","status-publish","format-standard","has-post-thumbnail","hentry","category-guncel"],"_links":{"self":[{"href":"https:\/\/www.egemtv.com\/index.php?rest_route=\/wp\/v2\/posts\/86930","targetHints":{"allow":["GET"]}}],"collection":[{"href":"https:\/\/www.egemtv.com\/index.php?rest_route=\/wp\/v2\/posts"}],"about":[{"href":"https:\/\/www.egemtv.com\/index.php?rest_route=\/wp\/v2\/types\/post"}],"author":[{"embeddable":true,"href":"https:\/\/www.egemtv.com\/index.php?rest_route=\/wp\/v2\/users\/1"}],"replies":[{"embeddable":true,"href":"https:\/\/www.egemtv.com\/index.php?rest_route=%2Fwp%2Fv2%2Fcomments&post=86930"}],"version-history":[{"count":1,"href":"https:\/\/www.egemtv.com\/index.php?rest_route=\/wp\/v2\/posts\/86930\/revisions"}],"predecessor-version":[{"id":86932,"href":"https:\/\/www.egemtv.com\/index.php?rest_route=\/wp\/v2\/posts\/86930\/revisions\/86932"}],"wp:featuredmedia":[{"embeddable":true,"href":"https:\/\/www.egemtv.com\/index.php?rest_route=\/wp\/v2\/media\/86931"}],"wp:attachment":[{"href":"https:\/\/www.egemtv.com\/index.php?rest_route=%2Fwp%2Fv2%2Fmedia&parent=86930"}],"wp:term":[{"taxonomy":"category","embeddable":true,"href":"https:\/\/www.egemtv.com\/index.php?rest_route=%2Fwp%2Fv2%2Fcategories&post=86930"},{"taxonomy":"post_tag","embeddable":true,"href":"https:\/\/www.egemtv.com\/index.php?rest_route=%2Fwp%2Fv2%2Ftags&post=86930"}],"curies":[{"name":"wp","href":"https:\/\/api.w.org\/{rel}","templated":true}]}}