{"id":86927,"date":"2026-02-11T11:34:53","date_gmt":"2026-02-11T08:34:53","guid":{"rendered":"https:\/\/www.egemtv.com\/?p=86927"},"modified":"2026-02-11T11:34:54","modified_gmt":"2026-02-11T08:34:54","slug":"baskan-ozkandan-korsan-tasimacilikla-mucadele-cagrisi","status":"publish","type":"post","link":"https:\/\/www.egemtv.com\/?p=86927","title":{"rendered":"Ba\u015fkan \u00d6zkan\u2019dan korsan ta\u015f\u0131mac\u0131l\u0131kla m\u00fccadele \u00e7a\u011fr\u0131s\u0131"},"content":{"rendered":"<p>\u0130zmir \u015eof\u00f6rler ve Otomobilciler Esnaf Odas\u0131 Ba\u015fkan\u0131 Erkan \u00d6zkan, taksici esnaf\u0131n\u0131n ya\u015fad\u0131\u011f\u0131 ekonomik zorluklara dikkat \u00e7ekerek yetkililere seslendi. Erkan \u00d6zkan, korsan ta\u015f\u0131mac\u0131l\u0131kla m\u00fccadele konusunda denetimlerin art\u0131r\u0131lmas\u0131n\u0131 ve yasal mevzuat\u0131n e\u015fit \u015fekilde uygulanmas\u0131n\u0131 talep etti.<br \/>\n<br \/>T\u00fcrkiye genelinde 1 Ocak\u2019ta ba\u015flayan meslek odalar\u0131 se\u00e7im s\u00fcreci kapsam\u0131nda 11 Ocak\u2019ta ger\u00e7ekle\u015ftirilen se\u00e7imle g\u00fcven tazeleyen Erkan \u00d6zkan, geli\u015finin birinci ay\u0131nda esnaf\u0131n sorunlar\u0131na de\u011finerek, sekt\u00f6r\u00fcn ekonomik bir darbo\u011fazdan ge\u00e7ti\u011fini belirtti. Taksici esnaf\u0131n\u0131n i\u015f hacminin d\u00fc\u015ft\u00fc\u011f\u00fcn\u00fc, buna kar\u015f\u0131l\u0131k maliyet ve sabit giderlerin artt\u0131\u011f\u0131n\u0131 vurgulayan Erkan \u00d6zkan, yasad\u0131\u015f\u0131 ta\u015f\u0131mac\u0131l\u0131\u011f\u0131n esnaf\u0131 zor durumda b\u0131rakt\u0131\u011f\u0131n\u0131 ifade etti.<\/p>\n<p>Haks\u0131z rekabet vurgusu<br \/>\n<br \/>Yasal sorumluluklar\u0131n\u0131 yerine getiren esnaf\u0131n haks\u0131z rekabetle m\u00fccadele etti\u011fini dile getiren Erkan \u00d6zkan, \u0130zmir ve T\u00fcrkiye genelindeki taksici esnaf\u0131n\u0131n vergi, SGK primi, mali mesuliyet, trafik ve kasko sigortalar\u0131n\u0131 eksiksiz yat\u0131rd\u0131\u011f\u0131n\u0131 s\u00f6yledi.  Erkan \u00d6zkan, devlete ve vatanda\u015fa kar\u015f\u0131 t\u00fcm sorumluluklar\u0131n\u0131 yerine getiren esnaf\u0131n kar\u015f\u0131s\u0131nda, hi\u00e7bir y\u00fck\u00fcml\u00fcl\u00fc\u011f\u00fc bulunmayan bir grubun yer almas\u0131n\u0131n kabul edilemez oldu\u011funu kaydetti.<\/p>\n<p>&#8220;Cezai yapt\u0131r\u0131mlar e\u015fit uygulanmal\u0131&#8221;<br \/>\n<br \/>Mevcut denetimlerdeki uygulamalara de\u011finen Erkan \u00d6zkan, ticari taksilerde kural ihlali tespit edildi\u011finde durumun SGK\u2019ya bildirildi\u011fini ve sigorta kayd\u0131 olmayan s\u00fcr\u00fcc\u00fcler nedeniyle esnaf\u0131n a\u011f\u0131r cezalar ald\u0131\u011f\u0131n\u0131 hat\u0131rlatt\u0131. Denetimlere kar\u015f\u0131 olmad\u0131klar\u0131n\u0131n alt\u0131n\u0131 \u00e7izen Erkan \u00d6zkan, korsan ta\u015f\u0131mac\u0131l\u0131k yapan ara\u00e7lar i\u00e7in de ayn\u0131 hassasiyetin g\u00f6sterilmesini istedi. Erkan \u00d6zkan, korsan ta\u015f\u0131mac\u0131l\u0131k yaparken yakalanan ara\u00e7lar\u0131n bilgilerinin Emniyet taraf\u0131ndan SGK\u2019ya iletilmesi ve s\u00fcr\u00fcc\u00fc ile ara\u00e7 aras\u0131nda yasal ba\u011f yoksa geriye d\u00f6n\u00fck sigorta cezalar\u0131 uygulanmas\u0131 gerekti\u011fini savundu.<\/p>\n<p>Sigorta maliyetleri aras\u0131ndaki u\u00e7urum<br \/>\n<br \/>Sigorta maliyetleri aras\u0131ndaki farklara da dikkat \u00e7eken Erkan \u00d6zkan, hususi ara\u00e7lar\u0131n trafik sigortas\u0131n\u0131n 5 bin ile 6 bin lira civar\u0131nda oldu\u011funu, ancak ticari taksilerin ticari vas\u0131flar\u0131ndan dolay\u0131 40 bin ile 60 bin lira aras\u0131nda zorunlu trafik sigortas\u0131 \u00f6dedi\u011fini belirtti. Erkan \u00d6zkan, i\u015flem g\u00f6ren korsan ara\u00e7lar\u0131n sigorta stat\u00fclerinin ve prim kay\u0131plar\u0131n\u0131n ilgili kurumlarca yeniden d\u00fczenlenmesi gerekti\u011fini ifade etti.<\/p>\n<p>Yetkililere \u00e7a\u011fr\u0131<br \/>\n<br \/>Kendilerine uygulanan mevzuat\u0131n korsan ara\u00e7lara da aynen uygulanmas\u0131n\u0131 talep eden Erkan \u00d6zkan, esnaf\u0131n evine ekmek g\u00f6t\u00fcrmekte zorland\u0131\u011f\u0131n\u0131 ve tepkilerin b\u00fcy\u00fcd\u00fc\u011f\u00fcn\u00fc belirtti. \u0130zmir\u2019de 3 bin, T\u00fcrkiye genelinde ise yakla\u015f\u0131k 150 bin taksici esnaf\u0131n\u0131n sesi olmaya \u00e7al\u0131\u015ft\u0131\u011f\u0131n\u0131 aktaran Erkan \u00d6zkan, yetkililerinden haks\u0131z gidi\u015fata m\u00fcdahale etmelerini beklediklerini s\u00f6zlerine ekledi.<br \/><\/p>\n","protected":false},"excerpt":{"rendered":"<p>\u0130zmir \u015eof\u00f6rler ve Otomobilciler Esnaf Odas\u0131 Ba\u015fkan\u0131 Erkan \u00d6zkan, taksici esnaf\u0131n\u0131n ya\u015fad\u0131\u011f\u0131 ekonomik zorluklara dikkat \u00e7ekerek yetkililere seslendi. Erkan \u00d6zkan, korsan ta\u015f\u0131mac\u0131l\u0131kla m\u00fccadele konusunda denetimlerin art\u0131r\u0131lmas\u0131n\u0131 ve yasal mevzuat\u0131n e\u015fit \u015fekilde uygulanmas\u0131n\u0131 talep etti. T\u00fcrkiye genelinde 1 Ocak\u2019ta ba\u015flayan meslek odalar\u0131 se\u00e7im s\u00fcreci kapsam\u0131nda 11 Ocak\u2019ta ger\u00e7ekle\u015ftirilen se\u00e7imle g\u00fcven tazeleyen Erkan \u00d6zkan, geli\u015finin birinci ay\u0131nda&#8230;<\/p>\n","protected":false},"author":1,"featured_media":86928,"comment_status":"open","ping_status":"open","sticky":false,"template":"","format":"standard","meta":{"_crdt_document":"","footnotes":""},"categories":[1],"tags":[],"class_list":["post-86927","post","type-post","status-publish","format-standard","has-post-thumbnail","hentry","category-guncel"],"_links":{"self":[{"href":"https:\/\/www.egemtv.com\/index.php?rest_route=\/wp\/v2\/posts\/86927","targetHints":{"allow":["GET"]}}],"collection":[{"href":"https:\/\/www.egemtv.com\/index.php?rest_route=\/wp\/v2\/posts"}],"about":[{"href":"https:\/\/www.egemtv.com\/index.php?rest_route=\/wp\/v2\/types\/post"}],"author":[{"embeddable":true,"href":"https:\/\/www.egemtv.com\/index.php?rest_route=\/wp\/v2\/users\/1"}],"replies":[{"embeddable":true,"href":"https:\/\/www.egemtv.com\/index.php?rest_route=%2Fwp%2Fv2%2Fcomments&post=86927"}],"version-history":[{"count":1,"href":"https:\/\/www.egemtv.com\/index.php?rest_route=\/wp\/v2\/posts\/86927\/revisions"}],"predecessor-version":[{"id":86929,"href":"https:\/\/www.egemtv.com\/index.php?rest_route=\/wp\/v2\/posts\/86927\/revisions\/86929"}],"wp:featuredmedia":[{"embeddable":true,"href":"https:\/\/www.egemtv.com\/index.php?rest_route=\/wp\/v2\/media\/86928"}],"wp:attachment":[{"href":"https:\/\/www.egemtv.com\/index.php?rest_route=%2Fwp%2Fv2%2Fmedia&parent=86927"}],"wp:term":[{"taxonomy":"category","embeddable":true,"href":"https:\/\/www.egemtv.com\/index.php?rest_route=%2Fwp%2Fv2%2Fcategories&post=86927"},{"taxonomy":"post_tag","embeddable":true,"href":"https:\/\/www.egemtv.com\/index.php?rest_route=%2Fwp%2Fv2%2Ftags&post=86927"}],"curies":[{"name":"wp","href":"https:\/\/api.w.org\/{rel}","templated":true}]}}