{"id":86924,"date":"2026-02-11T11:14:58","date_gmt":"2026-02-11T08:14:58","guid":{"rendered":"https:\/\/www.egemtv.com\/?p=86924"},"modified":"2026-02-11T11:15:00","modified_gmt":"2026-02-11T08:15:00","slug":"ramazan-ayinda-genclere-yonelik-yapilacak-calismalar-ele-alindi","status":"publish","type":"post","link":"https:\/\/www.egemtv.com\/?p=86924","title":{"rendered":"Ramazan ay\u0131nda gen\u00e7lere y\u00f6nelik yap\u0131lacak \u00e7al\u0131\u015fmalar ele al\u0131nd\u0131"},"content":{"rendered":"<p>Afyonkarahisar \u0130l M\u00fcft\u00fcl\u00fc\u011f\u00fc taraf\u0131ndan Ramazan ay\u0131nda gen\u00e7lere y\u00f6nelik yap\u0131lacak \u00e7al\u0131\u015fmalar de\u011ferlendirildi.<br \/>\n<br \/>Diyanet Gen\u00e7lik Merkezi\u2019nde Ramazan ay\u0131na haz\u0131rl\u0131k g\u00fcndemiyle isti\u015fare toplant\u0131s\u0131 yap\u0131ld\u0131. Ramazan ay\u0131 haz\u0131rl\u0131klar\u0131 \u00e7er\u00e7evesinde gen\u00e7lere y\u00f6nelik ger\u00e7ekle\u015ftirilecek faaliyetlerin planlanmas\u0131 amac\u0131yla Diyanet Gen\u00e7lik Merkezi\u2019nde gen\u00e7lik koordinat\u00f6rleri ve manevi dan\u0131\u015fmanlar\u0131n kat\u0131l\u0131m\u0131yla isti\u015fare toplant\u0131s\u0131 ger\u00e7ekle\u015ftirildi.<br \/>\n<br \/>M\u00fcft\u00fc Yard\u0131mc\u0131s\u0131 Tu\u011fba Anatoprak ba\u015fkanl\u0131\u011f\u0131nda yap\u0131lan toplant\u0131da, Ramazan ay\u0131nda y\u00fcr\u00fct\u00fclmesi planlanan programlar, gen\u00e7lerin manevi geli\u015fimine katk\u0131 sunacak etkinlikler ve sahada kar\u015f\u0131la\u015f\u0131lan ihtiya\u00e7lar ele al\u0131nd\u0131.<br \/>\n<br \/>Kar\u015f\u0131l\u0131kl\u0131 g\u00f6r\u00fc\u015f al\u0131\u015fveri\u015finin yap\u0131ld\u0131\u011f\u0131 toplant\u0131, Ramazan ay\u0131n\u0131n manevi iklimine uygun, gen\u00e7lere dokunan \u00e7al\u0131\u015fmalar\u0131n hayata ge\u00e7irilmesi temennisiyle tamamland\u0131.<br \/><\/p>\n","protected":false},"excerpt":{"rendered":"<p>Afyonkarahisar \u0130l M\u00fcft\u00fcl\u00fc\u011f\u00fc taraf\u0131ndan Ramazan ay\u0131nda gen\u00e7lere y\u00f6nelik yap\u0131lacak \u00e7al\u0131\u015fmalar de\u011ferlendirildi. Diyanet Gen\u00e7lik Merkezi\u2019nde Ramazan ay\u0131na haz\u0131rl\u0131k g\u00fcndemiyle isti\u015fare toplant\u0131s\u0131 yap\u0131ld\u0131. Ramazan ay\u0131 haz\u0131rl\u0131klar\u0131 \u00e7er\u00e7evesinde gen\u00e7lere y\u00f6nelik ger\u00e7ekle\u015ftirilecek faaliyetlerin planlanmas\u0131 amac\u0131yla Diyanet Gen\u00e7lik Merkezi\u2019nde gen\u00e7lik koordinat\u00f6rleri ve manevi dan\u0131\u015fmanlar\u0131n kat\u0131l\u0131m\u0131yla isti\u015fare toplant\u0131s\u0131 ger\u00e7ekle\u015ftirildi. M\u00fcft\u00fc Yard\u0131mc\u0131s\u0131 Tu\u011fba Anatoprak ba\u015fkanl\u0131\u011f\u0131nda yap\u0131lan toplant\u0131da, Ramazan ay\u0131nda y\u00fcr\u00fct\u00fclmesi planlanan programlar,&#8230;<\/p>\n","protected":false},"author":1,"featured_media":86925,"comment_status":"open","ping_status":"open","sticky":false,"template":"","format":"standard","meta":{"_crdt_document":"","footnotes":""},"categories":[1],"tags":[],"class_list":["post-86924","post","type-post","status-publish","format-standard","has-post-thumbnail","hentry","category-guncel"],"_links":{"self":[{"href":"https:\/\/www.egemtv.com\/index.php?rest_route=\/wp\/v2\/posts\/86924","targetHints":{"allow":["GET"]}}],"collection":[{"href":"https:\/\/www.egemtv.com\/index.php?rest_route=\/wp\/v2\/posts"}],"about":[{"href":"https:\/\/www.egemtv.com\/index.php?rest_route=\/wp\/v2\/types\/post"}],"author":[{"embeddable":true,"href":"https:\/\/www.egemtv.com\/index.php?rest_route=\/wp\/v2\/users\/1"}],"replies":[{"embeddable":true,"href":"https:\/\/www.egemtv.com\/index.php?rest_route=%2Fwp%2Fv2%2Fcomments&post=86924"}],"version-history":[{"count":1,"href":"https:\/\/www.egemtv.com\/index.php?rest_route=\/wp\/v2\/posts\/86924\/revisions"}],"predecessor-version":[{"id":86926,"href":"https:\/\/www.egemtv.com\/index.php?rest_route=\/wp\/v2\/posts\/86924\/revisions\/86926"}],"wp:featuredmedia":[{"embeddable":true,"href":"https:\/\/www.egemtv.com\/index.php?rest_route=\/wp\/v2\/media\/86925"}],"wp:attachment":[{"href":"https:\/\/www.egemtv.com\/index.php?rest_route=%2Fwp%2Fv2%2Fmedia&parent=86924"}],"wp:term":[{"taxonomy":"category","embeddable":true,"href":"https:\/\/www.egemtv.com\/index.php?rest_route=%2Fwp%2Fv2%2Fcategories&post=86924"},{"taxonomy":"post_tag","embeddable":true,"href":"https:\/\/www.egemtv.com\/index.php?rest_route=%2Fwp%2Fv2%2Ftags&post=86924"}],"curies":[{"name":"wp","href":"https:\/\/api.w.org\/{rel}","templated":true}]}}