{"id":86921,"date":"2026-02-11T11:14:57","date_gmt":"2026-02-11T08:14:57","guid":{"rendered":"https:\/\/www.egemtv.com\/?p=86921"},"modified":"2026-02-11T11:14:57","modified_gmt":"2026-02-11T08:14:57","slug":"baskan-zencirci-cocuklarimizi-gelecege-hazirliyoruz","status":"publish","type":"post","link":"https:\/\/www.egemtv.com\/?p=86921","title":{"rendered":"Ba\u015fkan Zencirci: &#8220;\u00c7ocuklar\u0131m\u0131z\u0131 gelece\u011fe haz\u0131rl\u0131yoruz&#8221;"},"content":{"rendered":"<p>Germencik Belediyesi taraf\u0131ndan merkez ve Ortaklar Mahallesi\u2019nde d\u00fczenlenen k\u00fclt\u00fcr, sanat ve spor kurslar\u0131nda e\u011fitimler aral\u0131ks\u0131z devam ederken Belediye Ba\u015fkan\u0131 Burak Zencirci, &#8220;\u00c7ocuklar\u0131m\u0131z\u0131 gelece\u011fe haz\u0131rl\u0131yoruz&#8221; dedi.<\/p>\n<p>Germencik Belediyesi b\u00fcnyesinde a\u00e7\u0131lan kurslarda \u00e7ocuklar, okul saatleri d\u0131\u015f\u0131nda hem sporun farkl\u0131 bran\u015flar\u0131yla bulu\u015fuyor hem de k\u00fclt\u00fcrel ve sanatsal faaliyetlerle yeteneklerini geli\u015ftirme imkan\u0131 buluyor. Kurslara kat\u0131lan \u00f6\u011frenciler, uzman e\u011fitmenler e\u015fli\u011finde e\u011fitim al\u0131rken sosyal geli\u015fimlerine de katk\u0131 sa\u011fl\u0131yor.<\/p>\n<p>Germencik Belediye Ba\u015fkan\u0131 Burak Zencirci, kurslar\u0131n yo\u011fun ilgi g\u00f6rd\u00fc\u011f\u00fcn\u00fc belirterek \u00e7ocuklar\u0131n okullar\u0131ndan arta kalan zamanlar\u0131n\u0131 verimli \u015fekilde de\u011ferlendirmelerinin \u00f6nemine dikkat \u00e7ekti. Sporun ve sanat\u0131n \u00e7ocuklar\u0131n geli\u015fiminde \u00f6nemli bir yer tuttu\u011funu vurgulayan Zencirci, gen\u00e7 nesilleri sa\u011fl\u0131kl\u0131, bilin\u00e7li, \u00f6zg\u00fcvenli ve \u00fcretken bireyler olarak yeti\u015ftirme hedefi do\u011frultusunda \u00e7al\u0131\u015fmalar\u0131n kararl\u0131l\u0131kla s\u00fcrd\u00fcr\u00fclece\u011fini ifade etti. \u00d6te yandan Ba\u015fkan Zencirci Germencik Belediyesi\u2019nin \u00e7ocuk ve gen\u00e7lere y\u00f6nelik kurs faaliyetlerinin \u00f6n\u00fcm\u00fczdeki s\u00fcre\u00e7te de devam edece\u011fi kaydetti.<br \/><\/p>\n","protected":false},"excerpt":{"rendered":"<p>Germencik Belediyesi taraf\u0131ndan merkez ve Ortaklar Mahallesi\u2019nde d\u00fczenlenen k\u00fclt\u00fcr, sanat ve spor kurslar\u0131nda e\u011fitimler aral\u0131ks\u0131z devam ederken Belediye Ba\u015fkan\u0131 Burak Zencirci, &#8220;\u00c7ocuklar\u0131m\u0131z\u0131 gelece\u011fe haz\u0131rl\u0131yoruz&#8221; dedi. Germencik Belediyesi b\u00fcnyesinde a\u00e7\u0131lan kurslarda \u00e7ocuklar, okul saatleri d\u0131\u015f\u0131nda hem sporun farkl\u0131 bran\u015flar\u0131yla bulu\u015fuyor hem de k\u00fclt\u00fcrel ve sanatsal faaliyetlerle yeteneklerini geli\u015ftirme imkan\u0131 buluyor. Kurslara kat\u0131lan \u00f6\u011frenciler, uzman e\u011fitmenler e\u015fli\u011finde&#8230;<\/p>\n","protected":false},"author":1,"featured_media":86922,"comment_status":"open","ping_status":"open","sticky":false,"template":"","format":"standard","meta":{"_crdt_document":"","footnotes":""},"categories":[1],"tags":[],"class_list":["post-86921","post","type-post","status-publish","format-standard","has-post-thumbnail","hentry","category-guncel"],"_links":{"self":[{"href":"https:\/\/www.egemtv.com\/index.php?rest_route=\/wp\/v2\/posts\/86921","targetHints":{"allow":["GET"]}}],"collection":[{"href":"https:\/\/www.egemtv.com\/index.php?rest_route=\/wp\/v2\/posts"}],"about":[{"href":"https:\/\/www.egemtv.com\/index.php?rest_route=\/wp\/v2\/types\/post"}],"author":[{"embeddable":true,"href":"https:\/\/www.egemtv.com\/index.php?rest_route=\/wp\/v2\/users\/1"}],"replies":[{"embeddable":true,"href":"https:\/\/www.egemtv.com\/index.php?rest_route=%2Fwp%2Fv2%2Fcomments&post=86921"}],"version-history":[{"count":1,"href":"https:\/\/www.egemtv.com\/index.php?rest_route=\/wp\/v2\/posts\/86921\/revisions"}],"predecessor-version":[{"id":86923,"href":"https:\/\/www.egemtv.com\/index.php?rest_route=\/wp\/v2\/posts\/86921\/revisions\/86923"}],"wp:featuredmedia":[{"embeddable":true,"href":"https:\/\/www.egemtv.com\/index.php?rest_route=\/wp\/v2\/media\/86922"}],"wp:attachment":[{"href":"https:\/\/www.egemtv.com\/index.php?rest_route=%2Fwp%2Fv2%2Fmedia&parent=86921"}],"wp:term":[{"taxonomy":"category","embeddable":true,"href":"https:\/\/www.egemtv.com\/index.php?rest_route=%2Fwp%2Fv2%2Fcategories&post=86921"},{"taxonomy":"post_tag","embeddable":true,"href":"https:\/\/www.egemtv.com\/index.php?rest_route=%2Fwp%2Fv2%2Ftags&post=86921"}],"curies":[{"name":"wp","href":"https:\/\/api.w.org\/{rel}","templated":true}]}}