{"id":86918,"date":"2026-02-11T11:14:56","date_gmt":"2026-02-11T08:14:56","guid":{"rendered":"https:\/\/www.egemtv.com\/?p=86918"},"modified":"2026-02-11T11:14:57","modified_gmt":"2026-02-11T08:14:57","slug":"manisadaki-tum-lokantalar-kent-lokantasi-sistemine-dahil-edilecek","status":"publish","type":"post","link":"https:\/\/www.egemtv.com\/?p=86918","title":{"rendered":"Manisa\u2019daki t\u00fcm lokantalar Kent Lokantas\u0131 sistemine dahil edilecek"},"content":{"rendered":"<p>Manisa B\u00fcy\u00fck\u015fehir Belediye Ba\u015fkan\u0131 Besim Dutlulu, sosyal belediyecilikte \u00e7\u0131tay\u0131 zirveye ta\u015f\u0131d\u0131. Kent Lokantas\u0131 modelini t\u00fcm \u015fehre yayacaklar\u0131n\u0131 m\u00fcjdeleyen Ba\u015fkan Dutlulu, esnafla i\u015f birli\u011fi yaparak Manisa\u2019daki lokantalar\u0131 sisteme dahil edeceklerini, vatanda\u015f\u0131n her mahallede ucuz, sa\u011fl\u0131kl\u0131 ve kaliteli yeme\u011fe ula\u015fmas\u0131n\u0131 sa\u011flayacaklar\u0131n\u0131, fiyat fark\u0131n\u0131 ise belediye olarak \u00fcstleneceklerini a\u00e7\u0131klad\u0131.<br \/>\n<br \/>Manisa B\u00fcy\u00fck\u015fehir Belediye Meclisi \u015eubat Ay\u0131 Ola\u011fan Toplant\u0131s\u0131, B\u00fcy\u00fck\u015fehir Belediye Ba\u015fkan\u0131 Besim Dutlulu ba\u015fkanl\u0131\u011f\u0131nda ger\u00e7ekle\u015ftirildi. A\u00e7\u0131l\u0131\u015f konu\u015fmas\u0131nda 6 \u015eubat depremlerinin y\u0131l d\u00f6n\u00fcm\u00fc vesilesiyle hayat\u0131n\u0131 kaybedenleri anan Ba\u015fkan Dutlulu, deprem b\u00f6lgesindeki g\u00f6zlemlerini aktard\u0131: &#8220;Deprem, her zaman g\u00fcndemimizde kalmas\u0131 gereken bir konu. Ge\u00e7ti\u011fimiz hafta deprem b\u00f6lgesindeydik. B\u00f6lgede ciddi bir yap\u0131la\u015fma ve \u00e7al\u0131\u015fma var ancak il\u00e7elere ve beldelere gidildi\u011finde tablo h\u00e2l\u00e2 hazin. Evler yap\u0131l\u0131yor ama yol ve ye\u015fil alan gibi altyap\u0131 eksikleri \u00e7ok fazla. Manisa B\u00fcy\u00fck\u015fehir Belediyesi olarak biz de elimizden geleni yap\u0131yoruz. Ad\u0131yaman\u2019da 4 bin metrekarelik bir alanda Ferdi Zeyrek Kre\u015fi\u2019ni hayata ge\u00e7irece\u011fiz. Ayr\u0131ca Malatya\u2019n\u0131n 4 il\u00e7esine 100 bin metrekareye yak\u0131n ta\u015f deste\u011fi sa\u011flayaca\u011f\u0131z.&#8221;<\/p>\n<p>\u2018Pilot Afet Park\u0131\u2019 kurulacak<br \/>\n<br \/>Manisa\u2019da iki adet pilot Afet Park\u0131 kurulaca\u011f\u0131n\u0131 m\u00fcjdeleyen Ba\u015fkan Dutlulu, bu alanlar\u0131n afet an\u0131nda g\u00fcvenli toplanma, bar\u0131nma, yemek, temiz su ve sa\u011fl\u0131k koordinasyon merkezi olarak hizmet verece\u011fini belirtti. Normal zamanlarda ise bu alanlar\u0131n e\u011fitim ve tatbikat alan\u0131 olarak kullan\u0131laca\u011f\u0131n\u0131 ifade etti. Ba\u015fkan ayr\u0131ca, 2000 y\u0131l\u0131 \u00f6ncesi yap\u0131 stokunun yenilenmesinin \u00f6ncelikli hedefleri oldu\u011funu vurgulad\u0131.<\/p>\n<p>&#8220;T\u00fcm personelimiz, i\u015f makinalar\u0131m\u0131z vatanda\u015flar\u0131n hizmetinde olacak&#8221;<br \/>\n<br \/>Kurakl\u0131\u011f\u0131n ard\u0131ndan gelen yo\u011fun ya\u011f\u0131\u015flar\u0131n derelerde ta\u015fk\u0131nlara sebep oldu\u011funu hat\u0131rlatan Dutlulu, \u015funlar\u0131 s\u00f6yledi: &#8220;Binin \u00fczerindeki personelimizle sahadayd\u0131k. Art\u0131k sadece MASK\u0130 de\u011fil, B\u00fcy\u00fck\u015fehir ve il\u00e7e belediyelerinin t\u00fcm g\u00fcc\u00fcyle sahaday\u0131z. Mevcut \u00e7al\u0131\u015fmalar\u0131m\u0131z g\u00fcn\u00fc kurtarmaya y\u00f6nelik olsa da yaz aylar\u0131nda projelendirece\u011fimiz yeni ya\u011fmur suyu hatlar\u0131yla bu s\u0131k\u0131nt\u0131lar\u0131 kal\u0131c\u0131 olarak minimuma indirece\u011fiz.&#8221;<\/p>\n<p>Manisa\u2019daki t\u00fcm lokantalar\u0131n Kent Lokantas\u0131 olmas\u0131 hedefleniyor<br \/>\n<br \/>Sosyal belediyecilikte Manisa\u2019n\u0131n \u00f6rnek oldu\u011funu belirten Ba\u015fkan Dutlulu, yeni bir modeli hayata ge\u00e7ireceklerini a\u00e7\u0131klad\u0131: &#8220;\u0130stanbul\u2019un ard\u0131ndan en \u00e7ok Kent Lokantas\u0131na sahip \u015fehiriz. Yeni hedefimiz, Manisa\u2019daki yerel esnafla i\u015f birli\u011fi yaparak t\u00fcm lokantalar\u0131 birer Kent Lokantas\u0131 format\u0131na dahil etmek. Odalarla yapaca\u011f\u0131m\u0131z protokolle vatanda\u015f\u0131m\u0131z uygun fiyata yemek yiyecek, aradaki fiyat fark\u0131n\u0131 belediye olarak biz kar\u015f\u0131layaca\u011f\u0131z. Bu destek zincirine ileride kasap, manav ve bakkallar da dahil olacak.&#8221;<br \/>\n<br \/>Manisa \u015eehir Kart\u0131 ihalesinin tamamland\u0131\u011f\u0131n\u0131 belirten Dutlulu, sosyal yard\u0131mlarda yeni bir d\u00f6neme ge\u00e7ildi\u011fini ifade etti. Art\u0131k belediyenin toplu mal al\u0131p da\u011f\u0131tmas\u0131 yerine, ihtiya\u00e7 sahibi vatanda\u015flar\u0131n kartlar\u0131na y\u00fcklenecek bakiyelerle mahalle esnaf\u0131ndan al\u0131\u015fveri\u015f yapabilece\u011fini, b\u00f6ylece hem vatanda\u015f\u0131n hem de yerel esnaf\u0131n kazanaca\u011f\u0131n\u0131 vurgulad\u0131.<\/p>\n<p>Sosyal projeleri s\u0131ralad\u0131<br \/>\n<br \/>Sosyal belediyecilik anlay\u0131\u015f\u0131yla ger\u00e7ekle\u015ftirilen di\u011fer \u00e7al\u0131\u015fmalar\u0131 s\u0131ralayan Ba\u015fkan Dutlulu, &#8220;Emeklilere ila\u00e7 katk\u0131 pay\u0131 deste\u011fi veriyoruz. \u00d6zellikle raporlu ila\u00e7larda \u00e7ok ciddi fiyat farklar\u0131 \u00e7\u0131k\u0131yor. \u00d6zellikle minimum maa\u015f alan emekliler i\u00e7in Manisa Eczac\u0131 Odas\u0131 ile g\u00fczel bir protokol imzalad\u0131k. Bu i\u015fe de ba\u015fl\u0131yoruz. Ask\u0131da faturaya aktif halde devam ediyoruz. Ask\u0131da fatura platformunda tam bir gizlilik esas\u0131yla hay\u0131rseverlerce destek olunacak. Is\u0131nma deste\u011fi noktas\u0131nda belediyemizin yapt\u0131\u011f\u0131 budama faaliyetleri sonras\u0131nda \u00e7\u0131kan odunlar\u0131 ihtiya\u00e7 sahibi vatanda\u015flar\u0131m\u0131za da\u011f\u0131t\u0131m\u0131m\u0131z devam ediyor&#8221; ifadelerini kulland\u0131.<\/p>\n<p>&#8220;\u00c7\u00f6p alanlar\u0131n\u0131 rehabilite edip halk\u0131m\u0131za kazand\u0131raca\u011f\u0131z&#8221;<br \/>\n<br \/>Eski \u00e7\u00f6p alanlar\u0131 olarak bilinen vah\u015fi depolama alanlar\u0131nda \u00e7ok ciddi s\u0131k\u0131nt\u0131lar ya\u015fand\u0131\u011f\u0131n\u0131 dile getiren Ba\u015fkan Dutlulu, &#8220;Saruhanl\u0131\u2019da 18 adet d\u00fczensiz depolama alan\u0131n\u0131 kapat\u0131yoruz. 16.12.2025\u2019te ihalesini ger\u00e7ekle\u015ftirdi\u011fimiz proje ile bu at\u0131klar\u0131 herkesten uzak ayr\u0131 bir noktaya ta\u015f\u0131yaca\u011f\u0131z. Saruhanl\u0131\u2019da ilk uygulamaya ba\u015fl\u0131yoruz. Bundan sonra \u00f6zellikle il\u00e7e merkezlerinde \u00e7\u00f6plerin at\u0131ld\u0131\u011f\u0131, zaman zaman yang\u0131nlar\u0131n \u00e7\u0131kt\u0131\u011f\u0131, ciddi koku sorunlar\u0131n\u0131n oldu\u011fu, bir\u00e7ok il\u00e7ede yerle\u015fimin hemen yan\u0131nda kalan \u00e7\u00f6p alanlar\u0131n\u0131 rehabilite edece\u011fiz. Bu \u00e7\u00f6p alanlar\u0131n\u0131 da ye\u015fil alan olarak halk\u0131m\u0131za kazand\u0131raca\u011f\u0131z. \u00d6zellikle il\u00e7elerde \u00e7ok b\u00fcy\u00fck sorun haline geliyordu. \u0130n\u015fallah eski \u00e7\u00f6p alanlar\u0131n\u0131n hepsi temizlenecek. At\u0131k pil ve at\u0131k ila\u00e7 kampanyam\u0131z da devam ediyor. 3 ton pil toplad\u0131k ve bunun kar\u015f\u0131l\u0131\u011f\u0131nda zeytin fidan\u0131 da\u011f\u0131tt\u0131k. Bunun yan\u0131nda Eczac\u0131 Odam\u0131zla 14 ton at\u0131k ilac\u0131 bertaraf ettik. 30 Mart\u2019ta ikinci at\u0131k pil kampanyam\u0131z\u0131 yapaca\u011f\u0131z. 31 Mart\u2019ta ise Yunusemre\u2019de at\u0131k ya\u011f kampanyam\u0131z\u0131 ba\u015flataca\u011f\u0131z&#8221; dedi.<\/p>\n<p>&#8220;20 adet tam donan\u0131ml\u0131 yeni itfaiye arac\u0131n\u0131 filomuza katt\u0131k&#8221;<br \/>\n<br \/>G\u00fc\u00e7l\u00fc bir itfaiye yap\u0131s\u0131 kurmak istediklerini s\u00f6yleyen Ba\u015fkan Dutlulu, &#8220;\u0130tfaiye gurur duydu\u011fumuz birimlerimizden bir tanesi. 411 milyon liral\u0131k yat\u0131r\u0131mla 20 adet tam donan\u0131ml\u0131 itfaiye arac\u0131n\u0131 filomuza katt\u0131k. 25.8 milyon lira bedelle de solunum setleri ve kompres\u00f6r al\u0131mlar\u0131n\u0131 tamamlad\u0131k. Ala\u015fehir itfaiye binam\u0131z\u0131n da projesi bitti. Yang\u0131n sezonu \u00f6ncesinde 100 adet yang\u0131n tankerinin al\u0131m\u0131n\u0131 yap\u0131yoruz. \u00d6zellikle orman k\u00f6ylerine \u00fccretsiz olarak da\u011f\u0131taca\u011f\u0131z&#8221; diye konu\u015ftu.<\/p>\n<p>Sosyal konut ve asfalt seferberli\u011fi<br \/>\n<br \/>2026 y\u0131l\u0131nda mevcut \u015fantiye alan\u0131n\u0131n \u015fehir d\u0131\u015f\u0131na ta\u015f\u0131naca\u011f\u0131n\u0131 ve bo\u015falan araziye sosyal konutlar in\u015fa edilece\u011fini belirten Dutlulu, &#8220;Amac\u0131m\u0131z l\u00fcks konut de\u011fil, asgari \u00fccretle ge\u00e7inen vatanda\u015f\u0131m\u0131z\u0131n ula\u015fabilece\u011fi kiral\u0131k ve sat\u0131l\u0131k evler \u00fcretmek. Ayr\u0131ca Salihli\u2019deki asfalt plentimiz faaliyete ge\u00e7ti, Mart ay\u0131nda asfalt seferberli\u011fimiz ba\u015fl\u0131yor. A\u011fustos ay\u0131nda Akhisar\u2019a, \u00f6n\u00fcm\u00fczdeki y\u0131l da Manisa merkeze kurulacak yeni tesislerle asfalt sorununu 25 y\u0131ll\u0131\u011f\u0131na \u00e7\u00f6zece\u011fiz&#8221; dedi.<br \/><\/p>\n","protected":false},"excerpt":{"rendered":"<p>Manisa B\u00fcy\u00fck\u015fehir Belediye Ba\u015fkan\u0131 Besim Dutlulu, sosyal belediyecilikte \u00e7\u0131tay\u0131 zirveye ta\u015f\u0131d\u0131. Kent Lokantas\u0131 modelini t\u00fcm \u015fehre yayacaklar\u0131n\u0131 m\u00fcjdeleyen Ba\u015fkan Dutlulu, esnafla i\u015f birli\u011fi yaparak Manisa\u2019daki lokantalar\u0131 sisteme dahil edeceklerini, vatanda\u015f\u0131n her mahallede ucuz, sa\u011fl\u0131kl\u0131 ve kaliteli yeme\u011fe ula\u015fmas\u0131n\u0131 sa\u011flayacaklar\u0131n\u0131, fiyat fark\u0131n\u0131 ise belediye olarak \u00fcstleneceklerini a\u00e7\u0131klad\u0131. Manisa B\u00fcy\u00fck\u015fehir Belediye Meclisi \u015eubat Ay\u0131 Ola\u011fan Toplant\u0131s\u0131, B\u00fcy\u00fck\u015fehir&#8230;<\/p>\n","protected":false},"author":1,"featured_media":86919,"comment_status":"open","ping_status":"open","sticky":false,"template":"","format":"standard","meta":{"_crdt_document":"","footnotes":""},"categories":[125],"tags":[],"class_list":["post-86918","post","type-post","status-publish","format-standard","has-post-thumbnail","hentry","category-ekonomi"],"_links":{"self":[{"href":"https:\/\/www.egemtv.com\/index.php?rest_route=\/wp\/v2\/posts\/86918","targetHints":{"allow":["GET"]}}],"collection":[{"href":"https:\/\/www.egemtv.com\/index.php?rest_route=\/wp\/v2\/posts"}],"about":[{"href":"https:\/\/www.egemtv.com\/index.php?rest_route=\/wp\/v2\/types\/post"}],"author":[{"embeddable":true,"href":"https:\/\/www.egemtv.com\/index.php?rest_route=\/wp\/v2\/users\/1"}],"replies":[{"embeddable":true,"href":"https:\/\/www.egemtv.com\/index.php?rest_route=%2Fwp%2Fv2%2Fcomments&post=86918"}],"version-history":[{"count":1,"href":"https:\/\/www.egemtv.com\/index.php?rest_route=\/wp\/v2\/posts\/86918\/revisions"}],"predecessor-version":[{"id":86920,"href":"https:\/\/www.egemtv.com\/index.php?rest_route=\/wp\/v2\/posts\/86918\/revisions\/86920"}],"wp:featuredmedia":[{"embeddable":true,"href":"https:\/\/www.egemtv.com\/index.php?rest_route=\/wp\/v2\/media\/86919"}],"wp:attachment":[{"href":"https:\/\/www.egemtv.com\/index.php?rest_route=%2Fwp%2Fv2%2Fmedia&parent=86918"}],"wp:term":[{"taxonomy":"category","embeddable":true,"href":"https:\/\/www.egemtv.com\/index.php?rest_route=%2Fwp%2Fv2%2Fcategories&post=86918"},{"taxonomy":"post_tag","embeddable":true,"href":"https:\/\/www.egemtv.com\/index.php?rest_route=%2Fwp%2Fv2%2Ftags&post=86918"}],"curies":[{"name":"wp","href":"https:\/\/api.w.org\/{rel}","templated":true}]}}