{"id":86915,"date":"2026-02-11T11:14:55","date_gmt":"2026-02-11T08:14:55","guid":{"rendered":"https:\/\/www.egemtv.com\/?p=86915"},"modified":"2026-02-11T11:14:56","modified_gmt":"2026-02-11T08:14:56","slug":"cocuklar-mimarligin-izini-surdu","status":"publish","type":"post","link":"https:\/\/www.egemtv.com\/?p=86915","title":{"rendered":"\u00c7ocuklar mimarl\u0131\u011f\u0131n izini s\u00fcrd\u00fc"},"content":{"rendered":"<p>\u0130zmir Ekonomi \u00dcniversitesi (\u0130E\u00dc) b\u00fcnyesinde hizmet veren Beyaz K\u00f6\u015fk Uygulama Anaokulu\u2019nun \u00f6\u011frencileri, \u2018Bir Ev Nas\u0131l Do\u011far\u2019 temal\u0131 etkinlikte mimarl\u0131\u011f\u0131n izini s\u00fcrd\u00fc. Anaokuluna konuk olan \u0130E\u00dc Mimarl\u0131k B\u00f6l\u00fcm Ba\u015fkan\u0131 Dr. \u00d6\u011fretim \u00dcyesi Batuhan Taneri, her zamankinin aksine bu kez dersi gen\u00e7lerle de\u011fil, 4-6 ya\u015f aras\u0131ndaki \u00e7ocuklarla i\u015fledi. \u00d6rnek ev maketini yak\u0131ndan inceleme f\u0131rsat\u0131 bulan, merak ettiklerini soran \u00e7ocuklar, renkli g\u00f6r\u00fcnt\u00fcler olu\u015fturdu.<br \/>\n<br \/>\u00c7ocuklar\u0131n zihinsel geli\u015fimlerini, hayal g\u00fc\u00e7lerini ve \u00f6zg\u00fcn y\u00f6nlerini desteklemek amac\u0131yla hayata ge\u00e7irilen etkinlikte, minik Ekonomililere mek\u00e2n\u0131n yaln\u0131zca duvarlardan ibaret olmad\u0131\u011f\u0131 fikri a\u015f\u0131land\u0131. \u00c7ocuklar\u0131n mek\u00e2na, ya\u015fad\u0131klar\u0131 evlere ve \u00e7evrelerine ba\u015fka bir g\u00f6zle bakmalar\u0131 hedeflendi. Etkinlik boyunca \u00e7ocuklar, ev maketleri yap\u0131m\u0131nda kullan\u0131lan malzemeleri inceledi. Minikler, bir evin nas\u0131l tasarland\u0131\u011f\u0131 ve hangi a\u015famalardan ge\u00e7erek ortaya \u00e7\u0131kt\u0131\u011f\u0131 konusunda bilgi sahibi oldu.<\/p>\n<p>&#8220;Ke\u015ffe dayal\u0131 e\u011fitim ortam\u0131&#8221;<br \/>\n<br \/>\u0130E\u00dc Beyaz K\u00f6\u015fk Uygulama Anaokulu M\u00fcd\u00fcr\u00fc Onur Kurtulu\u015f Kara, \u00e7ocuklar\u0131n d\u00fc\u015f\u00fcnme ve sorgulama becerilerini g\u00fc\u00e7lendiren \u00e7ok de\u011ferli bir deneyim ya\u015fad\u0131klar\u0131n\u0131 ifade ederek, &#8220;Anaokulu e\u011fitimini sadece s\u0131n\u0131f i\u00e7i kazan\u0131mlarla s\u0131n\u0131rl\u0131 g\u00f6rm\u00fcyoruz. Bizim e\u011fitim anlay\u0131\u015f\u0131m\u0131z; \u00e7ocuklar\u0131n pasif dinleyici de\u011fil, aktif ke\u015ffeden oldu\u011fu bir \u00f6\u011frenme ortam\u0131 kurmak \u00fczerine. Bu nedenle s\u0131n\u0131f i\u00e7i kazan\u0131mlar\u0131; oyun temelli \u00f6\u011frenme, at\u00f6lye \u00e7al\u0131\u015fmalar\u0131, duyusal deneyimler ve ger\u00e7ek ya\u015famla ba\u011flant\u0131l\u0131 etkinliklerle destekliyoruz. \u00dcniversitemizin farkl\u0131 b\u00f6l\u00fcmleriyle kurdu\u011fumuz etkile\u015fim de bu yakla\u015f\u0131m\u0131n \u00f6nemli bir par\u00e7as\u0131. Ger\u00e7ek ya\u015famla ili\u015fki kuran, dokunarak-ya\u015fayarak \u00f6\u011frenmeyi \u00f6nceleyen, disiplinler aras\u0131 etkinliklerle \u00e7ocuklar\u0131n potansiyelini ortaya \u00e7\u0131karan bir yakla\u015f\u0131m\u0131 benimsiyoruz&#8221; ifadelerini kulland\u0131.<\/p>\n<p>&#8220;Sa\u011flam temeller at\u0131lmal\u0131&#8221;<br \/>\n<br \/>\u0130zmir Ekonomi \u00dcniversitesi\u2019nin akademik birikimini \u00e7ocuklarla bulu\u015fturan bu tarz etkinlikleri, art\u0131rarak s\u00fcrd\u00fcreceklerini vurgulayan Kara, &#8220;Amac\u0131m\u0131z; kendini ifade edebilen, merak eden, \u00fcreten ve ya\u015fad\u0131\u011f\u0131 \u00e7evreye duyarl\u0131l\u0131kla bakan bireylerin temelini erken \u00e7ocukluk d\u00f6neminde, sa\u011flam bir \u015fekilde atmak. Mimarl\u0131k gibi farkl\u0131 alanlarla kurdu\u011fumuz bu k\u00f6pr\u00fc, \u00e7ocuklar\u0131m\u0131z\u0131n d\u00fcnyaya daha geni\u015f bir pencereden bakmas\u0131na katk\u0131 sa\u011fl\u0131yor. Batuhan Hocam\u0131z, mimarl\u0131k b\u00f6l\u00fcm\u00fcnde neler yap\u0131ld\u0131\u011f\u0131n\u0131, mimarlar\u0131n nas\u0131l \u00e7al\u0131\u015ft\u0131\u011f\u0131n\u0131 ve tasar\u0131m\u0131n g\u00fcnl\u00fck hayat\u0131m\u0131zla kurdu\u011fu ba\u011f\u0131, \u00e7ocuklar\u0131n d\u00fcnyas\u0131na uygun bir dille aktard\u0131. Kendisine \u00e7ok te\u015fekk\u00fcr ediyoruz&#8221; diye konu\u015ftu.<br \/><\/p>\n","protected":false},"excerpt":{"rendered":"<p>\u0130zmir Ekonomi \u00dcniversitesi (\u0130E\u00dc) b\u00fcnyesinde hizmet veren Beyaz K\u00f6\u015fk Uygulama Anaokulu\u2019nun \u00f6\u011frencileri, \u2018Bir Ev Nas\u0131l Do\u011far\u2019 temal\u0131 etkinlikte mimarl\u0131\u011f\u0131n izini s\u00fcrd\u00fc. Anaokuluna konuk olan \u0130E\u00dc Mimarl\u0131k B\u00f6l\u00fcm Ba\u015fkan\u0131 Dr. \u00d6\u011fretim \u00dcyesi Batuhan Taneri, her zamankinin aksine bu kez dersi gen\u00e7lerle de\u011fil, 4-6 ya\u015f aras\u0131ndaki \u00e7ocuklarla i\u015fledi. \u00d6rnek ev maketini yak\u0131ndan inceleme f\u0131rsat\u0131 bulan, merak ettiklerini&#8230;<\/p>\n","protected":false},"author":1,"featured_media":86916,"comment_status":"open","ping_status":"open","sticky":false,"template":"","format":"standard","meta":{"_crdt_document":"","footnotes":""},"categories":[1],"tags":[],"class_list":["post-86915","post","type-post","status-publish","format-standard","has-post-thumbnail","hentry","category-guncel"],"_links":{"self":[{"href":"https:\/\/www.egemtv.com\/index.php?rest_route=\/wp\/v2\/posts\/86915","targetHints":{"allow":["GET"]}}],"collection":[{"href":"https:\/\/www.egemtv.com\/index.php?rest_route=\/wp\/v2\/posts"}],"about":[{"href":"https:\/\/www.egemtv.com\/index.php?rest_route=\/wp\/v2\/types\/post"}],"author":[{"embeddable":true,"href":"https:\/\/www.egemtv.com\/index.php?rest_route=\/wp\/v2\/users\/1"}],"replies":[{"embeddable":true,"href":"https:\/\/www.egemtv.com\/index.php?rest_route=%2Fwp%2Fv2%2Fcomments&post=86915"}],"version-history":[{"count":1,"href":"https:\/\/www.egemtv.com\/index.php?rest_route=\/wp\/v2\/posts\/86915\/revisions"}],"predecessor-version":[{"id":86917,"href":"https:\/\/www.egemtv.com\/index.php?rest_route=\/wp\/v2\/posts\/86915\/revisions\/86917"}],"wp:featuredmedia":[{"embeddable":true,"href":"https:\/\/www.egemtv.com\/index.php?rest_route=\/wp\/v2\/media\/86916"}],"wp:attachment":[{"href":"https:\/\/www.egemtv.com\/index.php?rest_route=%2Fwp%2Fv2%2Fmedia&parent=86915"}],"wp:term":[{"taxonomy":"category","embeddable":true,"href":"https:\/\/www.egemtv.com\/index.php?rest_route=%2Fwp%2Fv2%2Fcategories&post=86915"},{"taxonomy":"post_tag","embeddable":true,"href":"https:\/\/www.egemtv.com\/index.php?rest_route=%2Fwp%2Fv2%2Ftags&post=86915"}],"curies":[{"name":"wp","href":"https:\/\/api.w.org\/{rel}","templated":true}]}}