{"id":86912,"date":"2026-02-11T11:14:54","date_gmt":"2026-02-11T08:14:54","guid":{"rendered":"https:\/\/www.egemtv.com\/?p=86912"},"modified":"2026-02-11T11:14:55","modified_gmt":"2026-02-11T08:14:55","slug":"kuruyan-marmara-golune-yeniden-su-girisi-basladi","status":"publish","type":"post","link":"https:\/\/www.egemtv.com\/?p=86912","title":{"rendered":"Kuruyan Marmara G\u00f6l\u00fc\u2019ne yeniden su giri\u015fi ba\u015flad\u0131"},"content":{"rendered":"<p>Son ya\u011f\u0131\u015flarla birlikte Kayac\u0131k \u00c7ay\u0131\u2019ndan Marmara G\u00f6l\u00fc\u2019ne su ula\u015fmaya ba\u015flad\u0131. Uzun s\u00fcredir kurakl\u0131k tehdidi alt\u0131nda olan g\u00f6l i\u00e7in umutlar yeniden ye\u015ferdi.<br \/>\n<br \/>Ulusal \u00f6neme sahip sulak alanlardan Marmara G\u00f6l\u00fc\u2019ne, son g\u00fcnlerde etkili olan ya\u011f\u0131\u015flar sayesinde yeniden su giri\u015fi ba\u015flad\u0131. G\u00f6rdes \u00c7ay\u0131\u2019n\u0131n bir kolu olan Kayac\u0131k \u00c7ay\u0131 \u00fczerinden g\u00f6le ula\u015fan sular, uzun s\u00fcredir kurakl\u0131k nedeniyle zor g\u00fcnler ge\u00e7iren Marmara G\u00f6l\u00fc i\u00e7in umut oldu.<br \/>\n<br \/>B\u00f6lge biyo\u00e7e\u015fitlili\u011fi a\u00e7\u0131s\u0131ndan b\u00fcy\u00fck \u00f6neme sahip olan Marmara G\u00f6l\u00fc\u2019n\u00fcn, ya\u011f\u0131\u015flar\u0131n devam etmesiyle birlikte kademeli olarak yeniden canlanmas\u0131 bekleniyor. Uzmanlar, g\u00f6le ula\u015fan su miktar\u0131n\u0131n artmas\u0131n\u0131n, hem ekosistemin toparlanmas\u0131 hem de ku\u015f pop\u00fclasyonlar\u0131 ve \u00e7evre tar\u0131m\u0131 a\u00e7\u0131s\u0131ndan olumlu sonu\u00e7lar do\u011furaca\u011f\u0131n\u0131 belirtti.<br \/>\n<br \/>Vatanda\u015flar ve \u00e7evre g\u00f6n\u00fcll\u00fcleri ise g\u00f6lde yeniden su g\u00f6r\u00fclmesinin sevindirici oldu\u011funu ifade ederek, kal\u0131c\u0131 \u00e7\u00f6z\u00fcmlerle g\u00f6l\u00fcn tamamen eski canl\u0131l\u0131\u011f\u0131na kavu\u015fturulmas\u0131 gerekti\u011fini dile getirdi.<br \/>\n<br \/>Yetkililer, \u00f6n\u00fcm\u00fczdeki g\u00fcnlerde ya\u011f\u0131\u015flar\u0131n devam etmesi halinde g\u00f6ldeki su seviyesinin daha da artmas\u0131n\u0131n beklendi\u011fini, s\u00fcrecin yak\u0131ndan takip edildi\u011fini bildirdi.<\/p>\n<p>\u2019Ulusal \u00d6neme Haiz Sulak Alan\u2019 ilan edilmi\u015fti<br \/>\n<br \/>Manisa\u2019n\u0131n G\u00f6lmarmara il\u00e7esinin g\u00fcneyindeki bir al\u00fcvyal set g\u00f6l\u00fc olan Marmara G\u00f6l\u00fc 44,5 kilometrekarelik bir y\u00fcz\u00f6l\u00e7\u00fcm\u00fcne sahip. 12 Haziran 2017\u2019de &#8220;Ulusal \u00d6neme Haiz Sulak Alan&#8221; ilan edilen Marmara G\u00f6l\u00fc y\u0131llard\u0131r ya\u015fanan kurakl\u0131k sonucu ge\u00e7ti\u011fimiz y\u0131l tamamen kuruma noktas\u0131na gelmi\u015fti.<br \/><\/p>\n","protected":false},"excerpt":{"rendered":"<p>Son ya\u011f\u0131\u015flarla birlikte Kayac\u0131k \u00c7ay\u0131\u2019ndan Marmara G\u00f6l\u00fc\u2019ne su ula\u015fmaya ba\u015flad\u0131. Uzun s\u00fcredir kurakl\u0131k tehdidi alt\u0131nda olan g\u00f6l i\u00e7in umutlar yeniden ye\u015ferdi. Ulusal \u00f6neme sahip sulak alanlardan Marmara G\u00f6l\u00fc\u2019ne, son g\u00fcnlerde etkili olan ya\u011f\u0131\u015flar sayesinde yeniden su giri\u015fi ba\u015flad\u0131. G\u00f6rdes \u00c7ay\u0131\u2019n\u0131n bir kolu olan Kayac\u0131k \u00c7ay\u0131 \u00fczerinden g\u00f6le ula\u015fan sular, uzun s\u00fcredir kurakl\u0131k nedeniyle zor g\u00fcnler&#8230;<\/p>\n","protected":false},"author":1,"featured_media":86913,"comment_status":"open","ping_status":"open","sticky":false,"template":"","format":"standard","meta":{"_crdt_document":"","footnotes":""},"categories":[1],"tags":[],"class_list":["post-86912","post","type-post","status-publish","format-standard","has-post-thumbnail","hentry","category-guncel"],"_links":{"self":[{"href":"https:\/\/www.egemtv.com\/index.php?rest_route=\/wp\/v2\/posts\/86912","targetHints":{"allow":["GET"]}}],"collection":[{"href":"https:\/\/www.egemtv.com\/index.php?rest_route=\/wp\/v2\/posts"}],"about":[{"href":"https:\/\/www.egemtv.com\/index.php?rest_route=\/wp\/v2\/types\/post"}],"author":[{"embeddable":true,"href":"https:\/\/www.egemtv.com\/index.php?rest_route=\/wp\/v2\/users\/1"}],"replies":[{"embeddable":true,"href":"https:\/\/www.egemtv.com\/index.php?rest_route=%2Fwp%2Fv2%2Fcomments&post=86912"}],"version-history":[{"count":1,"href":"https:\/\/www.egemtv.com\/index.php?rest_route=\/wp\/v2\/posts\/86912\/revisions"}],"predecessor-version":[{"id":86914,"href":"https:\/\/www.egemtv.com\/index.php?rest_route=\/wp\/v2\/posts\/86912\/revisions\/86914"}],"wp:featuredmedia":[{"embeddable":true,"href":"https:\/\/www.egemtv.com\/index.php?rest_route=\/wp\/v2\/media\/86913"}],"wp:attachment":[{"href":"https:\/\/www.egemtv.com\/index.php?rest_route=%2Fwp%2Fv2%2Fmedia&parent=86912"}],"wp:term":[{"taxonomy":"category","embeddable":true,"href":"https:\/\/www.egemtv.com\/index.php?rest_route=%2Fwp%2Fv2%2Fcategories&post=86912"},{"taxonomy":"post_tag","embeddable":true,"href":"https:\/\/www.egemtv.com\/index.php?rest_route=%2Fwp%2Fv2%2Ftags&post=86912"}],"curies":[{"name":"wp","href":"https:\/\/api.w.org\/{rel}","templated":true}]}}