{"id":86909,"date":"2026-02-11T11:14:53","date_gmt":"2026-02-11T08:14:53","guid":{"rendered":"https:\/\/www.egemtv.com\/?p=86909"},"modified":"2026-02-11T11:14:54","modified_gmt":"2026-02-11T08:14:54","slug":"cocuklarda-tedavi-edilmeyen-seroz-otit-kalici-isitme-kayiplarina-sebep-olabiliyor","status":"publish","type":"post","link":"https:\/\/www.egemtv.com\/?p=86909","title":{"rendered":"\u00c7ocuklarda tedavi edilmeyen ser\u00f6z otit kal\u0131c\u0131 i\u015fitme kay\u0131plar\u0131na sebep olabiliyor"},"content":{"rendered":"<p>\u00c7ocuklarda s\u0131k g\u00f6r\u00fclen ser\u00f6z otit rahats\u0131zl\u0131\u011f\u0131 hakk\u0131nda \u00f6nemli a\u00e7\u0131klamalarda bulunan Denizli \u00d6zel Egekent Hastanesi Kulak Burun Bo\u011faz Hastal\u0131klar\u0131 Uzman\u0131 Op. Dr. Emrah Y\u00fccel; &#8220;Ser\u00f6z Otit, tedavi edilmez ve kronikle\u015firse kal\u0131c\u0131 i\u015fitme kay\u0131plar\u0131na sebep olabilir&#8221; dedi.<\/p>\n<p>Denizli \u00d6zel Egekent Hastanesi Kulak Burun Bo\u011faz Hastal\u0131klar\u0131 Uzman\u0131 Op. Dr. Emrah Y\u00fccel, \u00e7ocuklarda s\u0131k g\u00f6r\u00fclen akut ve kronik ser\u00f6z otit rahats\u0131zl\u0131klar\u0131 hakk\u0131nda \u00f6nemli uyar\u0131larda bulundu. Ser\u00f6z otitin \u00e7ocuklar i\u00e7in &#8220;sessiz bir tehlike&#8221; oldu\u011funu belirten Y\u00fccel, hastal\u0131\u011f\u0131n \u00e7o\u011fu zaman ge\u00e7 fark edildi\u011fine dikkat \u00e7ekti. Op. Dr. Y\u00fccel, ser\u00f6z otitin genellikle ate\u015f ve a\u011fr\u0131 gibi belirgin \u015fik\u00e2yetlere yol a\u00e7mamas\u0131 nedeniyle fark edilmesinin zor oldu\u011funu ifade ederek, &#8220;Ser\u00f6z otitte orta kulakta s\u0131v\u0131 birikimi olur. \u00d6zellikle k\u00fc\u00e7\u00fck ya\u015ftaki \u00e7ocuklarda bu durum uzun s\u00fcre fark edilmeyebilir&#8221; dedi.<\/p>\n<p>Hastal\u0131\u011f\u0131n \u00e7ocuklar\u0131n geli\u015fimini olumsuz etkileyebilece\u011fini vurgulayan Y\u00fccel, k\u00fc\u00e7\u00fck ya\u015f grubunda konu\u015fma geli\u015fiminde akranlar\u0131na g\u00f6re gecikme g\u00f6r\u00fclebildi\u011fini belirtti. Daha b\u00fcy\u00fck \u00e7ocuklarda ise konu\u015fulanlar\u0131 anlamada zorluk, s\u00f6ylenenleri s\u0131k s\u0131k tekrarlatma, televizyonu ya da okulda \u00f6\u011fretmeni daha yak\u0131ndan dinleme iste\u011fi, okul ba\u015far\u0131s\u0131nda d\u00fc\u015f\u00fc\u015f ve dikkat da\u011f\u0131n\u0131kl\u0131\u011f\u0131 gibi belirtilerin ortaya \u00e7\u0131kabildi\u011fini s\u00f6yledi. \u00c7ocuklarda ser\u00f6z otitin daha s\u0131k g\u00f6r\u00fclmesinin nedenlerine de de\u011finen Op. Dr. Emrah Y\u00fccel, &#8220;\u00c7ocuklarda orta kulak havalanmas\u0131n\u0131 sa\u011flayan \u00d6staki kanal\u0131 yeti\u015fkinlere g\u00f6re daha dar, k\u0131sa ve yatay seyirli oldu\u011fu i\u00e7in t\u0131kanmaya daha yatk\u0131nd\u0131r. Bu durumu tetikleyen \u00e7e\u015fitli fakt\u00f6rler de bulunmaktad\u0131r&#8221; diye konu\u015ftu.<\/p>\n<p>Y\u00fccel, alerjiler, okula veya kre\u015fe erken ya\u015fta ba\u015flama, geniz eti b\u00fcy\u00fcmesi ve s\u0131k ge\u00e7irilen \u00fcst solunum yolu enfeksiyonlar\u0131n\u0131n \u00e7ocuklarda ser\u00f6z otit riskini art\u0131rd\u0131\u011f\u0131n\u0131 belirterek, ailelerin bu belirtiler konusunda dikkatli olmalar\u0131 gerekti\u011fini vurgulad\u0131.<\/p>\n<p>&#8220;Ameliyat olan hastalar\u0131m\u0131zda ekseriya ameliyat sonras\u0131 ciddi bir a\u011fr\u0131 olmaz ve ayn\u0131 g\u00fcn taburcu edilir&#8221;<br \/>\n<br \/>\u00c7ocuklarda g\u00f6r\u00fclen rahats\u0131zl\u0131k i\u00e7in tedavileri dile getiren Kulak Burun Bo\u011faz Hastal\u0131klar\u0131 Uzman\u0131 Op. Dr. Emrah Y\u00fccel, &#8220;Tan\u0131da ise \u00f6ncelikle kulak muayenesi e\u011fer gerekli g\u00f6r\u00fcl\u00fcrse i\u015fitme testleri yap\u0131yoruz. Bu testler \u00e7ocuklar i\u00e7in  a\u011fr\u0131s\u0131z g\u00fcvenilir testlerdir. Bunun sonras\u0131nda tedaviye ge\u00e7iyoruz. Tedavilerde her zaman antibiyotik ya da ameliyat gerekmiyor. Bazen sadece takip ve burun a\u00e7\u0131c\u0131 tedaviler yeterli oluyor. Baz\u0131 hastalarda duruma g\u00f6re antibiyotikler gerekebiliyor. E\u011fer tablo kronikle\u015firse yani 3 aydan uzun s\u00fcrecek olursa da ameliyat gerekebiliyor. Ameliyatla kulak zar\u0131na k\u00fc\u00e7\u00fck bir \u00e7izik yap\u0131p ventilasyon(havaland\u0131rma)t\u00fcp\u00fc yerle\u015ftiriyoruz. Ameliyat sonras\u0131 i\u015fitmede \u00e7ok h\u0131zl\u0131 d\u00fczelme oluyor. Kulak t\u00fcp\u00fc ameliyat\u0131 genellikle g\u00fcn\u00fcbirlik yap\u0131lan bir cerrahidir. Ekseriya geniz eti ameliyat\u0131 ile birlikte yap\u0131l\u0131r. \u00c7ocuklar ameliyat sonras\u0131nda \u00e7ok ciddi bir a\u011fr\u0131 hissetmezler. Ameliyat sonras\u0131nda genellikle ayn\u0131 g\u00fcn evlerine taburcu ediliyorlar&#8221; diye konu\u015ftu.<\/p>\n<p>&#8220;Seroz Otit, tedavi edilmez ve kronikle\u015firse kal\u0131c\u0131 i\u015fitme kay\u0131plar\u0131na sebep olabilir&#8221;<br \/>\n<br \/>\u00c7ocuklarda konu\u015fma gecikmesi veya s\u00f6ylenenleri tekrarlatma durumu olursa ailelerin en k\u0131sa s\u00fcrede kulak burun bo\u011faz hastal\u0131klar\u0131 uzman\u0131na ba\u015fvurmas\u0131 gerekti\u011fini belirten Op. Dr. Emrah Y\u00fccel, &#8220;\u00c7ocuklarda konu\u015fma gecikmesi varsa akranlar\u0131na g\u00f6re ge\u00e7 konu\u015fuyorsa veya daha b\u00fcy\u00fck ya\u015f gurubu \u00e7ocuklarda konu\u015fmalar\u0131 tekrarlatma gibi durumlar varsa aileler kulak burun bo\u011faz hastal\u0131klar\u0131 uzman\u0131na dan\u0131\u015fmalar\u0131 gerekiyor. E\u011fer tedavi edilmez ve kronikle\u015firse ser\u00f6z otit kal\u0131c\u0131 i\u015fitme kay\u0131plar\u0131na sebep olabiliyor&#8221; dedi.<br \/><\/p>\n","protected":false},"excerpt":{"rendered":"<p>\u00c7ocuklarda s\u0131k g\u00f6r\u00fclen ser\u00f6z otit rahats\u0131zl\u0131\u011f\u0131 hakk\u0131nda \u00f6nemli a\u00e7\u0131klamalarda bulunan Denizli \u00d6zel Egekent Hastanesi Kulak Burun Bo\u011faz Hastal\u0131klar\u0131 Uzman\u0131 Op. Dr. Emrah Y\u00fccel; &#8220;Ser\u00f6z Otit, tedavi edilmez ve kronikle\u015firse kal\u0131c\u0131 i\u015fitme kay\u0131plar\u0131na sebep olabilir&#8221; dedi. Denizli \u00d6zel Egekent Hastanesi Kulak Burun Bo\u011faz Hastal\u0131klar\u0131 Uzman\u0131 Op. Dr. Emrah Y\u00fccel, \u00e7ocuklarda s\u0131k g\u00f6r\u00fclen akut ve kronik ser\u00f6z&#8230;<\/p>\n","protected":false},"author":1,"featured_media":86910,"comment_status":"open","ping_status":"open","sticky":false,"template":"","format":"standard","meta":{"_crdt_document":"","footnotes":""},"categories":[2],"tags":[],"class_list":["post-86909","post","type-post","status-publish","format-standard","has-post-thumbnail","hentry","category-saglik"],"_links":{"self":[{"href":"https:\/\/www.egemtv.com\/index.php?rest_route=\/wp\/v2\/posts\/86909","targetHints":{"allow":["GET"]}}],"collection":[{"href":"https:\/\/www.egemtv.com\/index.php?rest_route=\/wp\/v2\/posts"}],"about":[{"href":"https:\/\/www.egemtv.com\/index.php?rest_route=\/wp\/v2\/types\/post"}],"author":[{"embeddable":true,"href":"https:\/\/www.egemtv.com\/index.php?rest_route=\/wp\/v2\/users\/1"}],"replies":[{"embeddable":true,"href":"https:\/\/www.egemtv.com\/index.php?rest_route=%2Fwp%2Fv2%2Fcomments&post=86909"}],"version-history":[{"count":1,"href":"https:\/\/www.egemtv.com\/index.php?rest_route=\/wp\/v2\/posts\/86909\/revisions"}],"predecessor-version":[{"id":86911,"href":"https:\/\/www.egemtv.com\/index.php?rest_route=\/wp\/v2\/posts\/86909\/revisions\/86911"}],"wp:featuredmedia":[{"embeddable":true,"href":"https:\/\/www.egemtv.com\/index.php?rest_route=\/wp\/v2\/media\/86910"}],"wp:attachment":[{"href":"https:\/\/www.egemtv.com\/index.php?rest_route=%2Fwp%2Fv2%2Fmedia&parent=86909"}],"wp:term":[{"taxonomy":"category","embeddable":true,"href":"https:\/\/www.egemtv.com\/index.php?rest_route=%2Fwp%2Fv2%2Fcategories&post=86909"},{"taxonomy":"post_tag","embeddable":true,"href":"https:\/\/www.egemtv.com\/index.php?rest_route=%2Fwp%2Fv2%2Ftags&post=86909"}],"curies":[{"name":"wp","href":"https:\/\/api.w.org\/{rel}","templated":true}]}}