{"id":86906,"date":"2026-02-11T10:54:58","date_gmt":"2026-02-11T07:54:58","guid":{"rendered":"https:\/\/www.egemtv.com\/?p=86906"},"modified":"2026-02-11T10:54:58","modified_gmt":"2026-02-11T07:54:58","slug":"beyagacli-vatandaslar-ile-polisler-dostluk-maci-oynandi","status":"publish","type":"post","link":"https:\/\/www.egemtv.com\/?p=86906","title":{"rendered":"Beya\u011fa\u00e7l\u0131 vatanda\u015flar ile polisler dostluk ma\u00e7\u0131 oynand\u0131"},"content":{"rendered":"<p>Denizli \u0130l Emniyet M\u00fcd\u00fcrl\u00fc\u011f\u00fc\u2019n\u00fcn &#8220;Mahallemde Ma\u00e7 Var&#8221; projesi kapsam\u0131nda Beya\u011fa\u00e7\u2019ta mahalle tak\u0131m\u0131 ile \u0130l\u00e7e Emniyet Amirli\u011fi personeli aras\u0131nda dostluk ma\u00e7\u0131 ger\u00e7ekle\u015ftirildi.<br \/>\n<br \/>Denizli \u0130l Emniyet M\u00fcd\u00fcrl\u00fc\u011f\u00fc taraf\u0131ndan geleneksel olarak d\u00fczenlenen &#8220;Mahallemde Ma\u00e7 Var&#8221; projesinin haz\u0131rl\u0131klar\u0131 t\u00fcm h\u0131z\u0131yla s\u00fcr\u00fcyor. Bu kapsamda Beya\u011fa\u00e7 il\u00e7esinde kurulan mahalle tak\u0131m\u0131 ile Beya\u011fa\u00e7 \u0130l\u00e7e Emniyet Amirli\u011fi personeli aras\u0131nda antrenman niteli\u011finde dostluk ve kayna\u015fma ma\u00e7\u0131 yap\u0131ld\u0131. \u00c7eki\u015fmeli ve centilmence ge\u00e7en kar\u015f\u0131la\u015fma, hem sporcular hem de izleyenler i\u00e7in keyifli anlara sahne oldu. M\u00fcsabakan\u0131n ard\u0131ndan ger\u00e7ekle\u015ftirilen etkinlikte kat\u0131l\u0131mc\u0131lara \u00e7e\u015fitli ikramlarda bulunuldu. Etkinlikle, sporun birle\u015ftirici g\u00fcc\u00fc vurgulan\u0131rken, mahalle sakinleri ile emniyet mensuplar\u0131 aras\u0131ndaki birlik ve beraberlik duygusunun g\u00fc\u00e7lendirilmesi ama\u00e7land\u0131.<br \/><\/p>\n","protected":false},"excerpt":{"rendered":"<p>Denizli \u0130l Emniyet M\u00fcd\u00fcrl\u00fc\u011f\u00fc\u2019n\u00fcn &#8220;Mahallemde Ma\u00e7 Var&#8221; projesi kapsam\u0131nda Beya\u011fa\u00e7\u2019ta mahalle tak\u0131m\u0131 ile \u0130l\u00e7e Emniyet Amirli\u011fi personeli aras\u0131nda dostluk ma\u00e7\u0131 ger\u00e7ekle\u015ftirildi. Denizli \u0130l Emniyet M\u00fcd\u00fcrl\u00fc\u011f\u00fc taraf\u0131ndan geleneksel olarak d\u00fczenlenen &#8220;Mahallemde Ma\u00e7 Var&#8221; projesinin haz\u0131rl\u0131klar\u0131 t\u00fcm h\u0131z\u0131yla s\u00fcr\u00fcyor. Bu kapsamda Beya\u011fa\u00e7 il\u00e7esinde kurulan mahalle tak\u0131m\u0131 ile Beya\u011fa\u00e7 \u0130l\u00e7e Emniyet Amirli\u011fi personeli aras\u0131nda antrenman niteli\u011finde dostluk ve&#8230;<\/p>\n","protected":false},"author":1,"featured_media":86907,"comment_status":"open","ping_status":"open","sticky":false,"template":"","format":"standard","meta":{"_crdt_document":"","footnotes":""},"categories":[4],"tags":[],"class_list":["post-86906","post","type-post","status-publish","format-standard","has-post-thumbnail","hentry","category-spor"],"_links":{"self":[{"href":"https:\/\/www.egemtv.com\/index.php?rest_route=\/wp\/v2\/posts\/86906","targetHints":{"allow":["GET"]}}],"collection":[{"href":"https:\/\/www.egemtv.com\/index.php?rest_route=\/wp\/v2\/posts"}],"about":[{"href":"https:\/\/www.egemtv.com\/index.php?rest_route=\/wp\/v2\/types\/post"}],"author":[{"embeddable":true,"href":"https:\/\/www.egemtv.com\/index.php?rest_route=\/wp\/v2\/users\/1"}],"replies":[{"embeddable":true,"href":"https:\/\/www.egemtv.com\/index.php?rest_route=%2Fwp%2Fv2%2Fcomments&post=86906"}],"version-history":[{"count":1,"href":"https:\/\/www.egemtv.com\/index.php?rest_route=\/wp\/v2\/posts\/86906\/revisions"}],"predecessor-version":[{"id":86908,"href":"https:\/\/www.egemtv.com\/index.php?rest_route=\/wp\/v2\/posts\/86906\/revisions\/86908"}],"wp:featuredmedia":[{"embeddable":true,"href":"https:\/\/www.egemtv.com\/index.php?rest_route=\/wp\/v2\/media\/86907"}],"wp:attachment":[{"href":"https:\/\/www.egemtv.com\/index.php?rest_route=%2Fwp%2Fv2%2Fmedia&parent=86906"}],"wp:term":[{"taxonomy":"category","embeddable":true,"href":"https:\/\/www.egemtv.com\/index.php?rest_route=%2Fwp%2Fv2%2Fcategories&post=86906"},{"taxonomy":"post_tag","embeddable":true,"href":"https:\/\/www.egemtv.com\/index.php?rest_route=%2Fwp%2Fv2%2Ftags&post=86906"}],"curies":[{"name":"wp","href":"https:\/\/api.w.org\/{rel}","templated":true}]}}