{"id":86903,"date":"2026-02-11T10:54:56","date_gmt":"2026-02-11T07:54:56","guid":{"rendered":"https:\/\/www.egemtv.com\/?p=86903"},"modified":"2026-02-11T10:54:57","modified_gmt":"2026-02-11T07:54:57","slug":"merkezefendi-belediye-orkestrasi-sevgililer-gunu-ozel-konseriyle-sahne-aliyor","status":"publish","type":"post","link":"https:\/\/www.egemtv.com\/?p=86903","title":{"rendered":"Merkezefendi Belediye Orkestras\u0131 Sevgililer G\u00fcn\u00fc \u00f6zel konseriyle sahne al\u0131yor"},"content":{"rendered":"<p>Merkezefendi K\u00fclt\u00fcr Merkezi\u2019nde 14 \u015eubat Cumartesi ak\u015fam\u0131 ger\u00e7ekle\u015fecek konserde Asl\u0131 G\u00fcven ve Zeki G\u00fcven, a\u015fk temal\u0131 eserleri Merkezefendi Belediye Orkestras\u0131 e\u015fli\u011finde seslendirecek. Merkezefendi Belediye Ba\u015fkan\u0131 \u015eeniz Do\u011fan, &#8220;Sevginin ve m\u00fczi\u011fin bir araya gelece\u011fi konserimizde t\u00fcm hem\u015ferilerimizle bulu\u015fmaktan b\u00fcy\u00fck mutluluk duyaca\u011f\u0131z&#8221; dedi.<br \/>\n<br \/>Merkezefendi Belediyesi k\u00fclt\u00fcr ve sanat alan\u0131nda faaliyetlerine h\u0131z kesmeden devam ediyor. Merkezefendi Belediye Orkestras\u0131\u2019n\u0131n sahne alaca\u011f\u0131 \u00f6zel gecede, sanat\u00e7\u0131lar Asl\u0131 G\u00fcven ve Zeki G\u00fcven sevilen eserleri seslendirecek. 14 \u015eubat Cumartesi g\u00fcn\u00fc saat 20.00\u2019de Merkezefendi K\u00fclt\u00fcr Merkezi\u2019nde ger\u00e7ekle\u015ftirilecek konser program\u0131nda, a\u015fk temal\u0131 se\u00e7kin eserler seslendirilecek. Gecede, romantik \u015fark\u0131lar ve sevilen melodiler e\u015fli\u011finde kat\u0131l\u0131mc\u0131lar hem Sevgililer G\u00fcn\u00fc\u2019n\u00fcn anlam ve \u00f6nemini ya\u015fayacak hem de keyifli bir m\u00fczik ziyafetiyle bulu\u015facak.<\/p>\n<p>&#8220;T\u00fcm hem\u015fehrilerimizi konserimize bekliyoruz&#8221;<br \/>\n<br \/>K\u00fclt\u00fcr ve sanat etkinliklerine b\u00fcy\u00fck \u00f6nem verdiklerini belirten Ba\u015fkan Do\u011fan, &#8220;Merkezefendi Belediyesi olarak k\u00fclt\u00fcr ve sanat\u0131n birle\u015ftirici g\u00fcc\u00fcne inan\u0131yoruz. Sevgililer G\u00fcn\u00fc\u2019n\u00fc de hem\u015ferilerimiz i\u00e7in anlaml\u0131 ve \u00f6zel bir etkinlikle ta\u00e7land\u0131rmak istedik. Merkezefendi Belediye Orkestram\u0131z\u0131n k\u0131ymetli sanat\u00e7\u0131lar\u0131m\u0131z Asl\u0131 G\u00fcven ve Zeki G\u00fcven ile birlikte sahne alaca\u011f\u0131 \u2018A\u015fka Dair\u2019 konserine t\u00fcm vatanda\u015flar\u0131m\u0131z\u0131 davet ediyorum. Sevginin, dayan\u0131\u015fman\u0131n ve birlikteli\u011fin en g\u00fczel duygular\u0131n\u0131 hep birlikte payla\u015faca\u011f\u0131m\u0131z bir ak\u015fam olmas\u0131n\u0131 diliyorum&#8221; ifadelerini kulland\u0131.<br \/><\/p>\n","protected":false},"excerpt":{"rendered":"<p>Merkezefendi K\u00fclt\u00fcr Merkezi\u2019nde 14 \u015eubat Cumartesi ak\u015fam\u0131 ger\u00e7ekle\u015fecek konserde Asl\u0131 G\u00fcven ve Zeki G\u00fcven, a\u015fk temal\u0131 eserleri Merkezefendi Belediye Orkestras\u0131 e\u015fli\u011finde seslendirecek. Merkezefendi Belediye Ba\u015fkan\u0131 \u015eeniz Do\u011fan, &#8220;Sevginin ve m\u00fczi\u011fin bir araya gelece\u011fi konserimizde t\u00fcm hem\u015ferilerimizle bulu\u015fmaktan b\u00fcy\u00fck mutluluk duyaca\u011f\u0131z&#8221; dedi. Merkezefendi Belediyesi k\u00fclt\u00fcr ve sanat alan\u0131nda faaliyetlerine h\u0131z kesmeden devam ediyor. Merkezefendi Belediye Orkestras\u0131\u2019n\u0131n&#8230;<\/p>\n","protected":false},"author":1,"featured_media":86904,"comment_status":"open","ping_status":"open","sticky":false,"template":"","format":"standard","meta":{"_crdt_document":"","footnotes":""},"categories":[1],"tags":[],"class_list":["post-86903","post","type-post","status-publish","format-standard","has-post-thumbnail","hentry","category-guncel"],"_links":{"self":[{"href":"https:\/\/www.egemtv.com\/index.php?rest_route=\/wp\/v2\/posts\/86903","targetHints":{"allow":["GET"]}}],"collection":[{"href":"https:\/\/www.egemtv.com\/index.php?rest_route=\/wp\/v2\/posts"}],"about":[{"href":"https:\/\/www.egemtv.com\/index.php?rest_route=\/wp\/v2\/types\/post"}],"author":[{"embeddable":true,"href":"https:\/\/www.egemtv.com\/index.php?rest_route=\/wp\/v2\/users\/1"}],"replies":[{"embeddable":true,"href":"https:\/\/www.egemtv.com\/index.php?rest_route=%2Fwp%2Fv2%2Fcomments&post=86903"}],"version-history":[{"count":1,"href":"https:\/\/www.egemtv.com\/index.php?rest_route=\/wp\/v2\/posts\/86903\/revisions"}],"predecessor-version":[{"id":86905,"href":"https:\/\/www.egemtv.com\/index.php?rest_route=\/wp\/v2\/posts\/86903\/revisions\/86905"}],"wp:featuredmedia":[{"embeddable":true,"href":"https:\/\/www.egemtv.com\/index.php?rest_route=\/wp\/v2\/media\/86904"}],"wp:attachment":[{"href":"https:\/\/www.egemtv.com\/index.php?rest_route=%2Fwp%2Fv2%2Fmedia&parent=86903"}],"wp:term":[{"taxonomy":"category","embeddable":true,"href":"https:\/\/www.egemtv.com\/index.php?rest_route=%2Fwp%2Fv2%2Fcategories&post=86903"},{"taxonomy":"post_tag","embeddable":true,"href":"https:\/\/www.egemtv.com\/index.php?rest_route=%2Fwp%2Fv2%2Ftags&post=86903"}],"curies":[{"name":"wp","href":"https:\/\/api.w.org\/{rel}","templated":true}]}}