{"id":86900,"date":"2026-02-11T10:54:55","date_gmt":"2026-02-11T07:54:55","guid":{"rendered":"https:\/\/www.egemtv.com\/?p=86900"},"modified":"2026-02-11T10:54:56","modified_gmt":"2026-02-11T07:54:56","slug":"denizlide-sds-orani-yuzde-120ye-cikarildi","status":"publish","type":"post","link":"https:\/\/www.egemtv.com\/?p=86900","title":{"rendered":"Denizli\u2019de SDS oran\u0131 y\u00fczde 120\u2019ye \u00e7\u0131kar\u0131ld\u0131"},"content":{"rendered":"<p>Denizli B\u00fcy\u00fck\u015fehir Belediyesi\u2019nde \u00e7al\u0131\u015fanlar\u0131n Sosyal Denge S\u00f6zle\u015fmesi (SDS) oran\u0131, bug\u00fcn yap\u0131lan imza t\u00f6reniyle yasal \u00fcst s\u0131n\u0131r olan y\u00fczde 120\u2019ye y\u00fckseltildi.<br \/>\n<br \/>Denizli B\u00fcy\u00fck\u015fehir Belediyesi ve Denizli Su ve Kanalizasyon \u0130daresi (DESK\u0130) Genel M\u00fcd\u00fcrl\u00fc\u011f\u00fc\u2019nde g\u00f6rev yapan memur ve s\u00f6zle\u015fmeli personel, Sosyal Denge Tazminat\u0131 (SDS) S\u00f6zle\u015fmesi\u2019nin y\u00fczde 120\u2019ye \u00e7\u0131kar\u0131lmas\u0131yla \u00f6nemli bir kazan\u0131m elde etti. Ayr\u0131ca ilk kez SDS pe\u015fin \u00f6deme sistemine dahil edildi. Programda konu\u015fan Ba\u015fkan B\u00fclent Nuri \u00c7avu\u015fo\u011flu, g\u00f6reve geldikleri 31 Mart tarihinde SDS oran\u0131n\u0131n y\u00fczde 80 oldu\u011funu hat\u0131rlatarak, bug\u00fcn at\u0131lan imzayla bu oran\u0131n yasal \u00fcst s\u0131n\u0131r olan y\u00fczde 120\u2019ye \u00e7\u0131kar\u0131ld\u0131\u011f\u0131n\u0131 belirtti. Ba\u015fkan \u00c7avu\u015fo\u011flu, &#8220;Bu yolculu\u011fumuzun neredeyse ikinci y\u0131l\u0131n\u0131 birlikte tamaml\u0131yoruz. Her ge\u00e7en g\u00fcn motivasyonu artan, birlik ve dayan\u0131\u015fmas\u0131 g\u00fc\u00e7lenen bir ekip olmay\u0131 ba\u015fard\u0131k. Bu ba\u015far\u0131 hepimizin&#8221; dedi. Belediye kaynaklar\u0131n\u0131n emanet bilinciyle y\u00f6netilmesi gerekti\u011fini vurgulayan Ba\u015fkan \u00c7avu\u015fo\u011flu, Denizli\u2019de ya\u015fayan 1 milyon 60 bin vatanda\u015f\u0131n vergisi ve eme\u011fiyle hizmet \u00fcretildi\u011fini belirterek, &#8220;Bu \u015fehrin kaynaklar\u0131n\u0131 do\u011fru ve adil kulland\u0131\u011f\u0131m\u0131z s\u00fcrece hem hizmet kalitemiz artacak, hem de \u00e7al\u0131\u015fanlar\u0131m\u0131zla bu kazan\u0131mlar\u0131 payla\u015fmaya devam edece\u011fiz&#8221; ifadelerini kulland\u0131. Ba\u015fkan \u00c7avu\u015fo\u011flu, yaln\u0131zca SDS art\u0131\u015f\u0131yla s\u0131n\u0131rl\u0131 kalmad\u0131klar\u0131n\u0131 belirterek belediye i\u015ftiraklerinden yararlanma konusunda da bir\u00e7ok m\u00fcjdeyi a\u00e7\u0131klad\u0131.<br \/>\n<br \/>&#8220;Huzurla uyuyabilmenin yolu hakk\u0131yla \u00e7al\u0131\u015fmaktan ge\u00e7er&#8221;<br \/>\n<br \/>Konu\u015fmas\u0131nda \u00e7al\u0131\u015fma ahlak\u0131 ve sorumluluk vurgusu yapan Ba\u015fkan \u00c7avu\u015fo\u011flu, kamu g\u00f6revinde vicdani sorumlulu\u011fun \u00f6nemine dikkat \u00e7ekti. \u00c7al\u0131\u015fanlar\u0131n g\u00f6revlerini en iyi \u015fekilde yerine getirmesi gerekti\u011fini belirten Ba\u015fkan \u00c7avu\u015fo\u011flu, &#8220;Ak\u015fam evimize huzurla gidebilmemizin yolu, \u00fczerimize d\u00fc\u015feni hakk\u0131yla yapmaktan ge\u00e7er. Bu \u015fehir ancak birlikte, dayan\u0131\u015fmayla ve bir fazlas\u0131n\u0131 yapma iradesiyle daha g\u00fczel bir noktaya ta\u015f\u0131nabilir&#8221; dedi.<br \/>\n<br \/>Konu\u015fmalar\u0131n ard\u0131ndan Denizli B\u00fcy\u00fck\u015fehir Belediye Ba\u015fkan\u0131 B\u00fclent Nuri \u00c7avu\u015fo\u011flu ile T\u00fcm-Yerel-Sen Denizli \u015eube Ba\u015fkan\u0131 \u00d6zkan Karakaya, Sosyal Denge Tazminat\u0131 S\u00f6zle\u015fmesi\u2019ni imzalad\u0131.<br \/><\/p>\n","protected":false},"excerpt":{"rendered":"<p>Denizli B\u00fcy\u00fck\u015fehir Belediyesi\u2019nde \u00e7al\u0131\u015fanlar\u0131n Sosyal Denge S\u00f6zle\u015fmesi (SDS) oran\u0131, bug\u00fcn yap\u0131lan imza t\u00f6reniyle yasal \u00fcst s\u0131n\u0131r olan y\u00fczde 120\u2019ye y\u00fckseltildi. Denizli B\u00fcy\u00fck\u015fehir Belediyesi ve Denizli Su ve Kanalizasyon \u0130daresi (DESK\u0130) Genel M\u00fcd\u00fcrl\u00fc\u011f\u00fc\u2019nde g\u00f6rev yapan memur ve s\u00f6zle\u015fmeli personel, Sosyal Denge Tazminat\u0131 (SDS) S\u00f6zle\u015fmesi\u2019nin y\u00fczde 120\u2019ye \u00e7\u0131kar\u0131lmas\u0131yla \u00f6nemli bir kazan\u0131m elde etti. Ayr\u0131ca ilk kez SDS&#8230;<\/p>\n","protected":false},"author":1,"featured_media":86901,"comment_status":"open","ping_status":"open","sticky":false,"template":"","format":"standard","meta":{"_crdt_document":"","footnotes":""},"categories":[125],"tags":[],"class_list":["post-86900","post","type-post","status-publish","format-standard","has-post-thumbnail","hentry","category-ekonomi"],"_links":{"self":[{"href":"https:\/\/www.egemtv.com\/index.php?rest_route=\/wp\/v2\/posts\/86900","targetHints":{"allow":["GET"]}}],"collection":[{"href":"https:\/\/www.egemtv.com\/index.php?rest_route=\/wp\/v2\/posts"}],"about":[{"href":"https:\/\/www.egemtv.com\/index.php?rest_route=\/wp\/v2\/types\/post"}],"author":[{"embeddable":true,"href":"https:\/\/www.egemtv.com\/index.php?rest_route=\/wp\/v2\/users\/1"}],"replies":[{"embeddable":true,"href":"https:\/\/www.egemtv.com\/index.php?rest_route=%2Fwp%2Fv2%2Fcomments&post=86900"}],"version-history":[{"count":1,"href":"https:\/\/www.egemtv.com\/index.php?rest_route=\/wp\/v2\/posts\/86900\/revisions"}],"predecessor-version":[{"id":86902,"href":"https:\/\/www.egemtv.com\/index.php?rest_route=\/wp\/v2\/posts\/86900\/revisions\/86902"}],"wp:featuredmedia":[{"embeddable":true,"href":"https:\/\/www.egemtv.com\/index.php?rest_route=\/wp\/v2\/media\/86901"}],"wp:attachment":[{"href":"https:\/\/www.egemtv.com\/index.php?rest_route=%2Fwp%2Fv2%2Fmedia&parent=86900"}],"wp:term":[{"taxonomy":"category","embeddable":true,"href":"https:\/\/www.egemtv.com\/index.php?rest_route=%2Fwp%2Fv2%2Fcategories&post=86900"},{"taxonomy":"post_tag","embeddable":true,"href":"https:\/\/www.egemtv.com\/index.php?rest_route=%2Fwp%2Fv2%2Ftags&post=86900"}],"curies":[{"name":"wp","href":"https:\/\/api.w.org\/{rel}","templated":true}]}}