{"id":86897,"date":"2026-02-11T10:54:54","date_gmt":"2026-02-11T07:54:54","guid":{"rendered":"https:\/\/www.egemtv.com\/?p=86897"},"modified":"2026-02-11T10:54:55","modified_gmt":"2026-02-11T07:54:55","slug":"calin-kick-boks-yildizlari-madalyalarla-dondu","status":"publish","type":"post","link":"https:\/\/www.egemtv.com\/?p=86897","title":{"rendered":"\u00c7al\u2019\u0131n kick boks y\u0131ld\u0131zlar\u0131 madalyalarla d\u00f6nd\u00fc"},"content":{"rendered":"<p>Manisa\u2019da d\u00fczenlenen \u0130ller Aras\u0131 Kick Boks \u015eampiyonas\u0131\u2019nda \u00c7al Belediyespor\u2019un 8 sporcusu farkl\u0131 kategorilerde madalya kazanarak il\u00e7eye gurur ya\u015fatt\u0131.<br \/>\n<br \/>Manisa\u2019da ge\u00e7ti\u011fimiz hafta ger\u00e7ekle\u015fen \u0130ller Aras\u0131 Kick Boks \u015eampiyonas\u0131\u2019na 7 ilden 550 sporcu kat\u0131l\u0131rken, \u00c7al Belediyespor\u2019un 8 sporcusu farkl\u0131 ya\u015f ve kilo kategorilerinde elde ettikleri birincilik, ikincilik ve \u00fc\u00e7\u00fcnc\u00fcl\u00fcklerle turnuvadan madalyalarla d\u00f6nd\u00fc. Turnuvada 14 ya\u015f\u0131ndaki Ezgi Durmu\u015f 46 kilo kategorisinde \u015fampiyon olurken, 10 ya\u015f\u0131ndaki Aylin Mercan 32 kiloda, 11 ya\u015f\u0131ndaki Hazal Erbay 37 kiloda, 8 ya\u015f\u0131ndaki Esra Ahsen \u00c7il 24 kiloda ikincilik elde etti. 13 ya\u015f\u0131ndaki Ela Erbay 42 kiloda T\u00fcrkiye \u00fc\u00e7\u00fcnc\u00fcs\u00fc olurken, 15 ya\u015f\u0131ndaki Fatma Mercan ve 11 ya\u015f\u0131ndaki \u00dcmm\u00fcg\u00fclse Durmu\u015f da \u00fc\u00e7\u00fcnc\u00fcl\u00fck kazand\u0131. Erkekler kategorisinde 11 ya\u015f\u0131ndaki Mustafa \u00c7\u0131nar \u00c7olak 32 kiloda \u00fc\u00e7\u00fcnc\u00fc olarak madalya ald\u0131.<br \/>\n<br \/>\u00c7al Belediyespor Kul\u00fcp Ba\u015fkan\u0131 \u00dcmit Bar\u0131\u015f Kuzu, ba\u015far\u0131l\u0131 sporcular\u0131yla birlikte \u00c7al Kaymakam\u0131 Hatice Gamze Kural\u2019\u0131 ziyaret etti. Kaymakam Kural, sporcular\u0131 tek tek kutlayarak, &#8220;\u00c7al\u2019\u0131n evlatlar\u0131 T\u00fcrkiye\u2019nin \u00e7a\u011fda\u015f ve umut veren gelece\u011fine g\u00fcven a\u015f\u0131l\u0131yor. Sporcu evlatlar\u0131m\u0131z di\u011fer k\u0131zlar\u0131m\u0131z i\u00e7in rol model oldu. \u00c7ocuklar\u0131m\u0131z\u0131 g\u00f6zlerinden \u00f6p\u00fcyorum. Sporculara her t\u00fcrl\u00fc deste\u011fi sa\u011flayan \u00c7al Belediyespor y\u00f6netimine de te\u015fekk\u00fcr ediyorum&#8221; dedi.<br \/>\n<br \/>17 bin n\u00fcfuslu il\u00e7ede 300\u2019\u00fcn \u00fczerinde lisansl\u0131 sporcuya sahip olduklar\u0131n\u0131 belirten Kuzu, &#8220;Satran\u00e7, futbol, atletizm, kickboks ve voleybol bran\u015flar\u0131nda aktif \u015fekilde faaliyet g\u00f6steriyoruz. \u0130l\u00e7emizde sa\u011fl\u0131kl\u0131 nesillerin yeti\u015fmesine katk\u0131 vermek i\u00e7in maddi ve manevi fedakarl\u0131kta bulunuyoruz. Sadece futbola yat\u0131r\u0131m yapm\u0131yor, bran\u015f say\u0131s\u0131n\u0131 art\u0131rmay\u0131 hedefliyoruz&#8221; ifadelerini kulland\u0131.<br \/><\/p>\n","protected":false},"excerpt":{"rendered":"<p>Manisa\u2019da d\u00fczenlenen \u0130ller Aras\u0131 Kick Boks \u015eampiyonas\u0131\u2019nda \u00c7al Belediyespor\u2019un 8 sporcusu farkl\u0131 kategorilerde madalya kazanarak il\u00e7eye gurur ya\u015fatt\u0131. Manisa\u2019da ge\u00e7ti\u011fimiz hafta ger\u00e7ekle\u015fen \u0130ller Aras\u0131 Kick Boks \u015eampiyonas\u0131\u2019na 7 ilden 550 sporcu kat\u0131l\u0131rken, \u00c7al Belediyespor\u2019un 8 sporcusu farkl\u0131 ya\u015f ve kilo kategorilerinde elde ettikleri birincilik, ikincilik ve \u00fc\u00e7\u00fcnc\u00fcl\u00fcklerle turnuvadan madalyalarla d\u00f6nd\u00fc. Turnuvada 14 ya\u015f\u0131ndaki Ezgi Durmu\u015f&#8230;<\/p>\n","protected":false},"author":1,"featured_media":86898,"comment_status":"open","ping_status":"open","sticky":false,"template":"","format":"standard","meta":{"_crdt_document":"","footnotes":""},"categories":[4],"tags":[],"class_list":["post-86897","post","type-post","status-publish","format-standard","has-post-thumbnail","hentry","category-spor"],"_links":{"self":[{"href":"https:\/\/www.egemtv.com\/index.php?rest_route=\/wp\/v2\/posts\/86897","targetHints":{"allow":["GET"]}}],"collection":[{"href":"https:\/\/www.egemtv.com\/index.php?rest_route=\/wp\/v2\/posts"}],"about":[{"href":"https:\/\/www.egemtv.com\/index.php?rest_route=\/wp\/v2\/types\/post"}],"author":[{"embeddable":true,"href":"https:\/\/www.egemtv.com\/index.php?rest_route=\/wp\/v2\/users\/1"}],"replies":[{"embeddable":true,"href":"https:\/\/www.egemtv.com\/index.php?rest_route=%2Fwp%2Fv2%2Fcomments&post=86897"}],"version-history":[{"count":1,"href":"https:\/\/www.egemtv.com\/index.php?rest_route=\/wp\/v2\/posts\/86897\/revisions"}],"predecessor-version":[{"id":86899,"href":"https:\/\/www.egemtv.com\/index.php?rest_route=\/wp\/v2\/posts\/86897\/revisions\/86899"}],"wp:featuredmedia":[{"embeddable":true,"href":"https:\/\/www.egemtv.com\/index.php?rest_route=\/wp\/v2\/media\/86898"}],"wp:attachment":[{"href":"https:\/\/www.egemtv.com\/index.php?rest_route=%2Fwp%2Fv2%2Fmedia&parent=86897"}],"wp:term":[{"taxonomy":"category","embeddable":true,"href":"https:\/\/www.egemtv.com\/index.php?rest_route=%2Fwp%2Fv2%2Fcategories&post=86897"},{"taxonomy":"post_tag","embeddable":true,"href":"https:\/\/www.egemtv.com\/index.php?rest_route=%2Fwp%2Fv2%2Ftags&post=86897"}],"curies":[{"name":"wp","href":"https:\/\/api.w.org\/{rel}","templated":true}]}}