{"id":86891,"date":"2026-02-11T10:54:52","date_gmt":"2026-02-11T07:54:52","guid":{"rendered":"https:\/\/www.egemtv.com\/?p=86891"},"modified":"2026-02-11T10:54:53","modified_gmt":"2026-02-11T07:54:53","slug":"jandarma-30-yil-hapis-cezasiyla-aranan-sahsi-yakaladi","status":"publish","type":"post","link":"https:\/\/www.egemtv.com\/?p=86891","title":{"rendered":"Jandarma 30 y\u0131l hapis cezas\u0131yla aranan \u015fahs\u0131 yakalad\u0131"},"content":{"rendered":"<p>Afyonkarahisar\u2019da 30 y\u0131l hapis cezas\u0131yla aranan bir \u015fah\u0131s jandarman\u0131n takibi sonras\u0131 yakaland\u0131.<br \/>\n<br \/>Edinilen bilgilere g\u00f6re, Afyonkarahisar \u0130l Jandarma Komutanl\u0131\u011f\u0131 taraf\u0131ndan aranan \u015fah\u0131slar\u0131n yakalanmas\u0131na y\u00f6nelik \u00e7al\u0131\u015fma yap\u0131ld\u0131. Yap\u0131lan incelemelerde R.A. isimli \u015fahs\u0131n parada sahtecilik ve birden fazla ki\u015fi taraf\u0131ndan birlikte ya\u011fma su\u00e7undan 30 y\u0131l hapis cezas\u0131yla arand\u0131\u011f\u0131 tespit edildi. Ard\u0131ndan \u015fahs\u0131 takibe alan ekipler \u015f\u00fcpheliyi \u00c7ay il\u00e7esinde yakalayarak g\u00f6zalt\u0131na ald\u0131. \u015eah\u0131s i\u015flemlerinin ard\u0131ndan sevk edildi\u011fi mahkeme taraf\u0131ndan tutuklanarak cezaevine g\u00f6nderildi.<br \/><\/p>\n","protected":false},"excerpt":{"rendered":"<p>Afyonkarahisar\u2019da 30 y\u0131l hapis cezas\u0131yla aranan bir \u015fah\u0131s jandarman\u0131n takibi sonras\u0131 yakaland\u0131. Edinilen bilgilere g\u00f6re, Afyonkarahisar \u0130l Jandarma Komutanl\u0131\u011f\u0131 taraf\u0131ndan aranan \u015fah\u0131slar\u0131n yakalanmas\u0131na y\u00f6nelik \u00e7al\u0131\u015fma yap\u0131ld\u0131. Yap\u0131lan incelemelerde R.A. isimli \u015fahs\u0131n parada sahtecilik ve birden fazla ki\u015fi taraf\u0131ndan birlikte ya\u011fma su\u00e7undan 30 y\u0131l hapis cezas\u0131yla arand\u0131\u011f\u0131 tespit edildi. Ard\u0131ndan \u015fahs\u0131 takibe alan ekipler \u015f\u00fcpheliyi \u00c7ay&#8230;<\/p>\n","protected":false},"author":1,"featured_media":86892,"comment_status":"open","ping_status":"open","sticky":false,"template":"","format":"standard","meta":{"_crdt_document":"","footnotes":""},"categories":[5],"tags":[],"class_list":["post-86891","post","type-post","status-publish","format-standard","has-post-thumbnail","hentry","category-asayis"],"_links":{"self":[{"href":"https:\/\/www.egemtv.com\/index.php?rest_route=\/wp\/v2\/posts\/86891","targetHints":{"allow":["GET"]}}],"collection":[{"href":"https:\/\/www.egemtv.com\/index.php?rest_route=\/wp\/v2\/posts"}],"about":[{"href":"https:\/\/www.egemtv.com\/index.php?rest_route=\/wp\/v2\/types\/post"}],"author":[{"embeddable":true,"href":"https:\/\/www.egemtv.com\/index.php?rest_route=\/wp\/v2\/users\/1"}],"replies":[{"embeddable":true,"href":"https:\/\/www.egemtv.com\/index.php?rest_route=%2Fwp%2Fv2%2Fcomments&post=86891"}],"version-history":[{"count":1,"href":"https:\/\/www.egemtv.com\/index.php?rest_route=\/wp\/v2\/posts\/86891\/revisions"}],"predecessor-version":[{"id":86893,"href":"https:\/\/www.egemtv.com\/index.php?rest_route=\/wp\/v2\/posts\/86891\/revisions\/86893"}],"wp:featuredmedia":[{"embeddable":true,"href":"https:\/\/www.egemtv.com\/index.php?rest_route=\/wp\/v2\/media\/86892"}],"wp:attachment":[{"href":"https:\/\/www.egemtv.com\/index.php?rest_route=%2Fwp%2Fv2%2Fmedia&parent=86891"}],"wp:term":[{"taxonomy":"category","embeddable":true,"href":"https:\/\/www.egemtv.com\/index.php?rest_route=%2Fwp%2Fv2%2Fcategories&post=86891"},{"taxonomy":"post_tag","embeddable":true,"href":"https:\/\/www.egemtv.com\/index.php?rest_route=%2Fwp%2Fv2%2Ftags&post=86891"}],"curies":[{"name":"wp","href":"https:\/\/api.w.org\/{rel}","templated":true}]}}