{"id":86888,"date":"2026-02-11T10:34:46","date_gmt":"2026-02-11T07:34:46","guid":{"rendered":"https:\/\/www.egemtv.com\/?p=86888"},"modified":"2026-02-11T10:34:47","modified_gmt":"2026-02-11T07:34:47","slug":"vatandasin-ihbar-ettigi-tarihi-kup-bos-cikti","status":"publish","type":"post","link":"https:\/\/www.egemtv.com\/?p=86888","title":{"rendered":"Vatanda\u015f\u0131n ihbar etti\u011fi tarihi k\u00fcp bo\u015f \u00e7\u0131kt\u0131"},"content":{"rendered":"<p>Denizli\u2019de ya\u011f\u0131\u015flar sonras\u0131 toprak kaymas\u0131 sonucu tarihi k\u00fcp g\u00fcn y\u00fcz\u00fcne \u00e7\u0131kt\u0131. k\u00fcp\u00fc fark eden vatanda\u015f\u0131n ihbar\u0131 sonucu yap\u0131lan incelemelerde k\u00fcp\u00fcn bo\u015f oldu\u011fu, tahil depolama amac\u0131yla kullan\u0131ld\u0131\u011f\u0131 \u00f6\u011frenildi. Vatanda\u015f\u0131n k\u00fcp\u00fc direkt ihbar etmesi ise takdir toplad\u0131.<br \/>\n<br \/>Olay, Buldan il\u00e7esine ba\u011fl\u0131 \u00c7ayba\u015f\u0131 Mahallesi\u2019nde meydana geldi. Edinilen bilgilere g\u00f6re, mahallede ya\u015fayan A.E., etkili olan ya\u011f\u0131\u015flar\u0131n ard\u0131ndan olu\u015fan toprak kaymas\u0131 sonucu arazide bir k\u00fcp fark etti. Durumdan \u015f\u00fcphelenen vatanda\u015f, vakit kaybetmeden Buldan \u0130l\u00e7e Jandarma Komutanl\u0131\u011f\u0131\u2019n\u0131 arayarak bilgi verdi. \u0130hbar \u00fczerine k\u00fcp\u00fcn bulundu\u011fu noktaya giden jandarma ekipleri, \u00e7evrede g\u00fcvenlik \u00f6nlemi alarak alan\u0131 koruma alt\u0131na ald\u0131. Yap\u0131lan ilk incelemenin ard\u0131ndan durum Denizli M\u00fcze M\u00fcd\u00fcrl\u00fc\u011f\u00fc\u2019ne bildirildi. K\u00fcp\u00fcn tarihi olup olmad\u0131\u011f\u0131n\u0131n belirlenmesi amac\u0131yla uzman ekipler taraf\u0131ndan inceleme yap\u0131ld\u0131. Yap\u0131lan incelemelerin ard\u0131ndan k\u00fcp\u00fcn bo\u015f oldu\u011fu belirlendi. Torak kaymas\u0131 sonucu g\u00fcn y\u00fcz\u00fcne \u00e7\u0131kan k\u00fcp\u00fcn d\u00f6neminin hen\u00fcz belirlenemedi\u011fi, tah\u0131l depolamak amac\u0131yla kullan\u0131ld\u0131\u011f\u0131 ifade edildi.<br \/><\/p>\n","protected":false},"excerpt":{"rendered":"<p>Denizli\u2019de ya\u011f\u0131\u015flar sonras\u0131 toprak kaymas\u0131 sonucu tarihi k\u00fcp g\u00fcn y\u00fcz\u00fcne \u00e7\u0131kt\u0131. k\u00fcp\u00fc fark eden vatanda\u015f\u0131n ihbar\u0131 sonucu yap\u0131lan incelemelerde k\u00fcp\u00fcn bo\u015f oldu\u011fu, tahil depolama amac\u0131yla kullan\u0131ld\u0131\u011f\u0131 \u00f6\u011frenildi. Vatanda\u015f\u0131n k\u00fcp\u00fc direkt ihbar etmesi ise takdir toplad\u0131. Olay, Buldan il\u00e7esine ba\u011fl\u0131 \u00c7ayba\u015f\u0131 Mahallesi\u2019nde meydana geldi. Edinilen bilgilere g\u00f6re, mahallede ya\u015fayan A.E., etkili olan ya\u011f\u0131\u015flar\u0131n ard\u0131ndan olu\u015fan toprak&#8230;<\/p>\n","protected":false},"author":1,"featured_media":86889,"comment_status":"open","ping_status":"open","sticky":false,"template":"","format":"standard","meta":{"_crdt_document":"","footnotes":""},"categories":[5],"tags":[],"class_list":["post-86888","post","type-post","status-publish","format-standard","has-post-thumbnail","hentry","category-asayis"],"_links":{"self":[{"href":"https:\/\/www.egemtv.com\/index.php?rest_route=\/wp\/v2\/posts\/86888","targetHints":{"allow":["GET"]}}],"collection":[{"href":"https:\/\/www.egemtv.com\/index.php?rest_route=\/wp\/v2\/posts"}],"about":[{"href":"https:\/\/www.egemtv.com\/index.php?rest_route=\/wp\/v2\/types\/post"}],"author":[{"embeddable":true,"href":"https:\/\/www.egemtv.com\/index.php?rest_route=\/wp\/v2\/users\/1"}],"replies":[{"embeddable":true,"href":"https:\/\/www.egemtv.com\/index.php?rest_route=%2Fwp%2Fv2%2Fcomments&post=86888"}],"version-history":[{"count":1,"href":"https:\/\/www.egemtv.com\/index.php?rest_route=\/wp\/v2\/posts\/86888\/revisions"}],"predecessor-version":[{"id":86890,"href":"https:\/\/www.egemtv.com\/index.php?rest_route=\/wp\/v2\/posts\/86888\/revisions\/86890"}],"wp:featuredmedia":[{"embeddable":true,"href":"https:\/\/www.egemtv.com\/index.php?rest_route=\/wp\/v2\/media\/86889"}],"wp:attachment":[{"href":"https:\/\/www.egemtv.com\/index.php?rest_route=%2Fwp%2Fv2%2Fmedia&parent=86888"}],"wp:term":[{"taxonomy":"category","embeddable":true,"href":"https:\/\/www.egemtv.com\/index.php?rest_route=%2Fwp%2Fv2%2Fcategories&post=86888"},{"taxonomy":"post_tag","embeddable":true,"href":"https:\/\/www.egemtv.com\/index.php?rest_route=%2Fwp%2Fv2%2Ftags&post=86888"}],"curies":[{"name":"wp","href":"https:\/\/api.w.org\/{rel}","templated":true}]}}