{"id":86885,"date":"2026-02-11T10:34:45","date_gmt":"2026-02-11T07:34:45","guid":{"rendered":"https:\/\/www.egemtv.com\/?p=86885"},"modified":"2026-02-11T10:34:46","modified_gmt":"2026-02-11T07:34:46","slug":"super-ligde-en-zor-deplasman-siralamasinda-merkezefendi-3-sirada","status":"publish","type":"post","link":"https:\/\/www.egemtv.com\/?p=86885","title":{"rendered":"S\u00fcper Lig\u2019de en zor deplasman s\u0131ralamas\u0131nda Merkezefendi 3. s\u0131rada"},"content":{"rendered":"<p>T\u00fcrkiye Basketbol S\u00fcper Ligi\u2019nde (BSL) tak\u0131mlar\u0131n deplasman performanslar\u0131 analiz edildi. Buna g\u00f6re Yukatel Merkezefendi Belediyesi Basket, lig genelinde 3. s\u0131rada yer ald\u0131. Ba\u015fkan Deveciler, &#8220;Oyuncular\u0131m\u0131z\u0131n sahadaki duru\u015fu, tak\u0131m ruhu ve disiplinli oyun bi\u00e7imi bu ba\u015far\u0131y\u0131 getirdi&#8221; dedi.<br \/>\n<br \/>Bu s\u0131ralama, tak\u0131m\u0131n i\u00e7 sahada kar\u015f\u0131la\u015ft\u0131\u011f\u0131 g\u00fc\u00e7l\u00fc rakiplerin zorluk derecesine g\u00f6re belirlendi. S\u00fcper Lig, T\u00fcrkiye\u2019nin en \u00fcst d\u00fczey basketbol ligi olarak tak\u0131mlar aras\u0131nda y\u00fcksek rekabet ve \u00e7eki\u015fme sunuyor. Merkezefendi\u2019nin bu sezon i\u00e7 sahada ald\u0131\u011f\u0131 galibiyetler, tak\u0131m\u0131n zorlu fikst\u00fcrdeki m\u00fccadele g\u00fcc\u00fcn\u00fc ortaya koyuyor. \u00d6zellikle son olarak Anadolu Efes kar\u015f\u0131s\u0131nda elde edilen galibiyet, tak\u0131m\u0131n i\u00e7 sahada g\u00fc\u00e7l\u00fc rakipleri yenme kapasitesinin \u00f6nemli bir g\u00f6stergesi oldu.<br \/>\n<br \/>Tak\u0131m\u0131n i\u00e7 saha performans\u0131 ve sezon genelindeki m\u00fccadele anlay\u0131\u015f\u0131na ili\u015fkin a\u00e7\u0131klamalar yapan Kul\u00fcp Ba\u015fkan\u0131 Veli Deveciler, &#8220;Bu ligde i\u00e7 saha ma\u00e7lar\u0131 ger\u00e7ekten zor. Her i\u00e7 saha ma\u00e7\u0131 kendi i\u00e7inde ayr\u0131 bir m\u00fccadele ve karakter istiyor. Buna ra\u011fmen oyuncular\u0131m\u0131z sahaya \u00e7\u0131kt\u0131klar\u0131nda her an sava\u015fan, m\u00fccadeleden kopmayan bir tak\u0131m g\u00f6r\u00fcnt\u00fcs\u00fc veriyorlar. Anadolu Efes gibi g\u00fc\u00e7l\u00fc bir rakipten ald\u0131\u011f\u0131m\u0131z galibiyet bunun en iyi \u00f6rne\u011fi. Oyuncular\u0131m\u0131z\u0131n sahadaki duru\u015fu, tak\u0131m ruhu ve disiplinli oyun bi\u00e7imi bu ba\u015far\u0131y\u0131 getirdi. Bu galibiyetin arkas\u0131nda sadece bireysel performans de\u011fil, tak\u0131m anlay\u0131\u015f\u0131 var. Taraftar\u0131m\u0131z\u0131n deste\u011fi de d\u0131\u015f sahada bize ekstra motivasyon verdi&#8221; dedi.<br \/>\n<br \/>Ba\u015fkandan taraftara \u00e7a\u011fr\u0131<br \/>\n<br \/>Yukatel Merkezefendi, 13 \u015eubat 2026\u2019da i\u00e7 sahada Manisa Basket ile kar\u015f\u0131la\u015facak. Ba\u015fkan Deveciler, taraftarlara seslenerek, &#8220;Manisa ma\u00e7\u0131nda trib\u00fcnlerimizi tamamen dolduracak taraftar deste\u011fi bizim i\u00e7in \u00e7ok de\u011ferli. Oyuncular\u0131m\u0131z sahada t\u00fcm g\u00fc\u00e7lerini ortaya koyacak ve sizlerin deste\u011fiyle bu m\u00fccadeleyi galibiyetle ta\u00e7land\u0131rabiliriz. Taraftar\u0131m\u0131z\u0131n enerjisi, tak\u0131m\u0131m\u0131za ekstra g\u00fc\u00e7 kat\u0131yor&#8221; ifadelerini kulland\u0131.<br \/><\/p>\n","protected":false},"excerpt":{"rendered":"<p>T\u00fcrkiye Basketbol S\u00fcper Ligi\u2019nde (BSL) tak\u0131mlar\u0131n deplasman performanslar\u0131 analiz edildi. Buna g\u00f6re Yukatel Merkezefendi Belediyesi Basket, lig genelinde 3. s\u0131rada yer ald\u0131. Ba\u015fkan Deveciler, &#8220;Oyuncular\u0131m\u0131z\u0131n sahadaki duru\u015fu, tak\u0131m ruhu ve disiplinli oyun bi\u00e7imi bu ba\u015far\u0131y\u0131 getirdi&#8221; dedi. Bu s\u0131ralama, tak\u0131m\u0131n i\u00e7 sahada kar\u015f\u0131la\u015ft\u0131\u011f\u0131 g\u00fc\u00e7l\u00fc rakiplerin zorluk derecesine g\u00f6re belirlendi. S\u00fcper Lig, T\u00fcrkiye\u2019nin en \u00fcst d\u00fczey&#8230;<\/p>\n","protected":false},"author":1,"featured_media":86886,"comment_status":"open","ping_status":"open","sticky":false,"template":"","format":"standard","meta":{"_crdt_document":"","footnotes":""},"categories":[4],"tags":[],"class_list":["post-86885","post","type-post","status-publish","format-standard","has-post-thumbnail","hentry","category-spor"],"_links":{"self":[{"href":"https:\/\/www.egemtv.com\/index.php?rest_route=\/wp\/v2\/posts\/86885","targetHints":{"allow":["GET"]}}],"collection":[{"href":"https:\/\/www.egemtv.com\/index.php?rest_route=\/wp\/v2\/posts"}],"about":[{"href":"https:\/\/www.egemtv.com\/index.php?rest_route=\/wp\/v2\/types\/post"}],"author":[{"embeddable":true,"href":"https:\/\/www.egemtv.com\/index.php?rest_route=\/wp\/v2\/users\/1"}],"replies":[{"embeddable":true,"href":"https:\/\/www.egemtv.com\/index.php?rest_route=%2Fwp%2Fv2%2Fcomments&post=86885"}],"version-history":[{"count":1,"href":"https:\/\/www.egemtv.com\/index.php?rest_route=\/wp\/v2\/posts\/86885\/revisions"}],"predecessor-version":[{"id":86887,"href":"https:\/\/www.egemtv.com\/index.php?rest_route=\/wp\/v2\/posts\/86885\/revisions\/86887"}],"wp:featuredmedia":[{"embeddable":true,"href":"https:\/\/www.egemtv.com\/index.php?rest_route=\/wp\/v2\/media\/86886"}],"wp:attachment":[{"href":"https:\/\/www.egemtv.com\/index.php?rest_route=%2Fwp%2Fv2%2Fmedia&parent=86885"}],"wp:term":[{"taxonomy":"category","embeddable":true,"href":"https:\/\/www.egemtv.com\/index.php?rest_route=%2Fwp%2Fv2%2Fcategories&post=86885"},{"taxonomy":"post_tag","embeddable":true,"href":"https:\/\/www.egemtv.com\/index.php?rest_route=%2Fwp%2Fv2%2Ftags&post=86885"}],"curies":[{"name":"wp","href":"https:\/\/api.w.org\/{rel}","templated":true}]}}