{"id":86882,"date":"2026-02-11T10:34:44","date_gmt":"2026-02-11T07:34:44","guid":{"rendered":"https:\/\/www.egemtv.com\/?p=86882"},"modified":"2026-02-11T10:34:45","modified_gmt":"2026-02-11T07:34:45","slug":"denizlide-b-recete-sistemi-tanitildi","status":"publish","type":"post","link":"https:\/\/www.egemtv.com\/?p=86882","title":{"rendered":"Denizli\u2019de &#8220;B-Re\u00e7ete Sistemi&#8221; tan\u0131t\u0131ld\u0131"},"content":{"rendered":"<p>Denizli\u2019de d\u00fczenlenen toplant\u0131da, zirai ila\u00e7 ve bitki koruma \u00fcr\u00fcnlerinin kontroll\u00fc ve bilin\u00e7li kullan\u0131m\u0131n\u0131 hedefleyen B-Re\u00e7ete (Bitkisel Re\u00e7ete) Sistemi tan\u0131t\u0131ld\u0131. Tan\u0131t\u0131m toplant\u0131s\u0131na kat\u0131lan Vali K\u00f6\u015fger, &#8220;&#8221;Bu sistem hem \u00fcreticimizin hem de vatanda\u015flar\u0131m\u0131z\u0131n sa\u011fl\u0131\u011f\u0131n\u0131 koruma a\u00e7\u0131s\u0131ndan son derece \u00f6nemli ve sekt\u00f6rde \u00f6nemli bir bo\u015flu\u011fu dolduracak&#8221; dedi.<br \/>\n<br \/>Tar\u0131m ve Orman \u0130l M\u00fcd\u00fcrl\u00fc\u011f\u00fc taraf\u0131ndan d\u00fczenlenen &#8220;B-Re\u00e7ete (Bitkisel Re\u00e7ete) Sistemi&#8221; Tan\u0131t\u0131m Toplant\u0131s\u0131 Nihat Zeybekci Kongre ve K\u00fclt\u00fcr Merkezi\u2019nde ger\u00e7ekle\u015ftirildi. Programda, Tar\u0131m ve Orman Bakanl\u0131\u011f\u0131 taraf\u0131ndan zirai ila\u00e7 ve bitki koruma \u00fcr\u00fcnlerinin kontroll\u00fc ve bilin\u00e7li kullan\u0131m\u0131n\u0131 sa\u011flamak amac\u0131yla hayata ge\u00e7irilen sistem tan\u0131t\u0131ld\u0131. Tar\u0131msal uygulamalarda birlikteli\u011fi sa\u011flamak ve sahada kar\u015f\u0131la\u015f\u0131labilecek hususlara a\u00e7\u0131kl\u0131k getirmek amac\u0131yla geli\u015ftirilen B-Re\u00e7ete Sistemi\u2019nin tan\u0131t\u0131m\u0131nda konu\u015fan Denizli Valisi Yavuz Selim K\u00f6\u015fger, T\u00fcrkiye\u2019nin tar\u0131msal \u00fcretim potansiyeline dikkat \u00e7ekerek Denizli\u2019nin hem bitkisel \u00fcretim hem de hayvanc\u0131l\u0131kta g\u00fc\u00e7l\u00fc bir konumda oldu\u011funu belirtti. Ege ve Akdeniz iklimine ait bir\u00e7ok \u00fcr\u00fcn\u00fcn Denizli\u2019de yeti\u015ftirildi\u011fini ifade eden Vali K\u00f6\u015fger, &#8220;Zeytinden t\u00fct\u00fcne, \u00fcz\u00fcmden sert \u00e7ekirdekli meyvelere kadar pek \u00e7ok alanda iddial\u0131 bir \u00fcretim ger\u00e7ekle\u015ftiriyoruz. Hayvanc\u0131l\u0131kta da \u00f6nemli bir potansiyele sahibiz. Denizli\u2019nin ba\u015far\u0131s\u0131n\u0131n temelinde bilin\u00e7li ve vizyoner \u00e7ift\u00e7ilerimiz var. Tar\u0131m ve Orman Bakanl\u0131\u011f\u0131m\u0131z\u0131n \u2018Topraktan \u00c7atala\u2019 slogan\u0131yla y\u00fcr\u00fctt\u00fc\u011f\u00fc bu sistemle, kimyasal ve biyolojik m\u00fccadele y\u00f6ntemleri ziraat m\u00fchendisleri ve yetkili bayiler arac\u0131l\u0131\u011f\u0131yla takip edilecek. Bu uygulama hem \u00fcreticimizin hem de vatanda\u015flar\u0131m\u0131z\u0131n sa\u011fl\u0131\u011f\u0131n\u0131 koruma a\u00e7\u0131s\u0131ndan b\u00fcy\u00fck \u00f6nem ta\u015f\u0131yor ve sekt\u00f6rde \u00f6nemli bir bo\u015flu\u011fu dolduracak&#8221; dedi.<br \/>\n<br \/>H\u00e2lihaz\u0131rda d\u00f6rt ilde pilot uygulamas\u0131 s\u00fcren ve temmuz ay\u0131 itibar\u0131yla \u00fclke genelinde hayata ge\u00e7irilmesi planlanan sistemle, bitki koruma \u00fcr\u00fcnlerinin daha kontroll\u00fc \u015fekilde kullan\u0131lmas\u0131 hedefleniyor. Program, protokol konu\u015fmalar\u0131n\u0131n ard\u0131ndan G\u0131da ve Kontrol Genel M\u00fcd\u00fcr Yard\u0131mc\u0131s\u0131 Vekili Do\u00e7. Dr. Yunus Bayram\u2019\u0131n sunumuyla devam etti. Toplant\u0131 soru-cevap b\u00f6l\u00fcm\u00fcn\u00fcn ard\u0131ndan sona erdi.<br \/><\/p>\n","protected":false},"excerpt":{"rendered":"<p>Denizli\u2019de d\u00fczenlenen toplant\u0131da, zirai ila\u00e7 ve bitki koruma \u00fcr\u00fcnlerinin kontroll\u00fc ve bilin\u00e7li kullan\u0131m\u0131n\u0131 hedefleyen B-Re\u00e7ete (Bitkisel Re\u00e7ete) Sistemi tan\u0131t\u0131ld\u0131. Tan\u0131t\u0131m toplant\u0131s\u0131na kat\u0131lan Vali K\u00f6\u015fger, &#8220;&#8221;Bu sistem hem \u00fcreticimizin hem de vatanda\u015flar\u0131m\u0131z\u0131n sa\u011fl\u0131\u011f\u0131n\u0131 koruma a\u00e7\u0131s\u0131ndan son derece \u00f6nemli ve sekt\u00f6rde \u00f6nemli bir bo\u015flu\u011fu dolduracak&#8221; dedi. Tar\u0131m ve Orman \u0130l M\u00fcd\u00fcrl\u00fc\u011f\u00fc taraf\u0131ndan d\u00fczenlenen &#8220;B-Re\u00e7ete (Bitkisel Re\u00e7ete) Sistemi&#8221;&#8230;<\/p>\n","protected":false},"author":1,"featured_media":86883,"comment_status":"open","ping_status":"open","sticky":false,"template":"","format":"standard","meta":{"_crdt_document":"","footnotes":""},"categories":[1],"tags":[],"class_list":["post-86882","post","type-post","status-publish","format-standard","has-post-thumbnail","hentry","category-guncel"],"_links":{"self":[{"href":"https:\/\/www.egemtv.com\/index.php?rest_route=\/wp\/v2\/posts\/86882","targetHints":{"allow":["GET"]}}],"collection":[{"href":"https:\/\/www.egemtv.com\/index.php?rest_route=\/wp\/v2\/posts"}],"about":[{"href":"https:\/\/www.egemtv.com\/index.php?rest_route=\/wp\/v2\/types\/post"}],"author":[{"embeddable":true,"href":"https:\/\/www.egemtv.com\/index.php?rest_route=\/wp\/v2\/users\/1"}],"replies":[{"embeddable":true,"href":"https:\/\/www.egemtv.com\/index.php?rest_route=%2Fwp%2Fv2%2Fcomments&post=86882"}],"version-history":[{"count":1,"href":"https:\/\/www.egemtv.com\/index.php?rest_route=\/wp\/v2\/posts\/86882\/revisions"}],"predecessor-version":[{"id":86884,"href":"https:\/\/www.egemtv.com\/index.php?rest_route=\/wp\/v2\/posts\/86882\/revisions\/86884"}],"wp:featuredmedia":[{"embeddable":true,"href":"https:\/\/www.egemtv.com\/index.php?rest_route=\/wp\/v2\/media\/86883"}],"wp:attachment":[{"href":"https:\/\/www.egemtv.com\/index.php?rest_route=%2Fwp%2Fv2%2Fmedia&parent=86882"}],"wp:term":[{"taxonomy":"category","embeddable":true,"href":"https:\/\/www.egemtv.com\/index.php?rest_route=%2Fwp%2Fv2%2Fcategories&post=86882"},{"taxonomy":"post_tag","embeddable":true,"href":"https:\/\/www.egemtv.com\/index.php?rest_route=%2Fwp%2Fv2%2Ftags&post=86882"}],"curies":[{"name":"wp","href":"https:\/\/api.w.org\/{rel}","templated":true}]}}