{"id":86879,"date":"2026-02-11T10:34:43","date_gmt":"2026-02-11T07:34:43","guid":{"rendered":"https:\/\/www.egemtv.com\/?p=86879"},"modified":"2026-02-11T10:34:44","modified_gmt":"2026-02-11T07:34:44","slug":"deneyap-teknoloji-atolyeleri-2026-ogrenci-basvurularini-acti","status":"publish","type":"post","link":"https:\/\/www.egemtv.com\/?p=86879","title":{"rendered":"DENEYAP Teknoloji At\u00f6lyeleri 2026 \u00f6\u011frenci ba\u015fvurular\u0131n\u0131 a\u00e7t\u0131"},"content":{"rendered":"<p>T\u00fcrkiye genelinde 81 ilde 132 at\u00f6lyede y\u00fcr\u00fct\u00fclen DENEYAP Teknoloji At\u00f6lyeleri program\u0131n\u0131n 2026 \u00d6\u011frenci Se\u00e7me S\u00fcreci ba\u015flad\u0131. Ba\u015fvurular 6 Mart 2026 tarihine kadar yap\u0131labilecek.<br \/>\n<br \/>Sanayi ve Teknoloji Bakanl\u0131\u011f\u0131, Gen\u00e7lik ve Spor Bakanl\u0131\u011f\u0131, T\u00dcB\u0130TAK ve T\u00fcrkiye Teknoloji Tak\u0131m\u0131 Vakf\u0131 (T3 Vakf\u0131) i\u015f birli\u011fiyle y\u00fcr\u00fct\u00fclen DENEYAP Teknoloji At\u00f6lyeleri kapsam\u0131nda 2026 y\u0131l\u0131 \u00d6\u011frenci Se\u00e7me S\u00fcreci ba\u015fvurular\u0131 ba\u015flad\u0131. Program, T\u00fcrkiye\u2019nin 81 ilinde bulunan 132 at\u00f6lyede uygulan\u0131yor. 36 ay s\u00fcrecek e\u011fitim program\u0131 kapsam\u0131nda \u00f6\u011frenciler; tasar\u0131m ve \u00fcretim, robotik ve kodlama, elektronik programlama, yapay zek\u00e2, siber g\u00fcvenlik, enerji teknolojileri ve havac\u0131l\u0131k-uzay gibi \u00e7e\u015fitli alanlarda \u00fccretsiz e\u011fitim alacak. 2025-2026 e\u011fitim-\u00f6\u011fretim y\u0131l\u0131nda 4 ve 5\u2019inci s\u0131n\u0131f, 8 ve 9\u2019uncu s\u0131n\u0131f ile lise haz\u0131rl\u0131k s\u0131n\u0131f\u0131nda \u00f6\u011frenim g\u00f6ren \u00f6\u011frenciler ba\u015fvuru yapabilecek. \u00dc\u00e7 a\u015famal\u0131 \u00f6\u011frenci se\u00e7me s\u00fcreci; e-s\u0131nav, \u00e7evrim i\u00e7i e\u011fitim ve g\u00f6rev tamamlama s\u00fcreci ile uygulama s\u0131nav\u0131ndan olu\u015fuyor. S\u00fcreci ba\u015far\u0131yla tamamlayan \u00f6\u011frenciler DENEYAP Teknoloji At\u00f6lyeleri\u2019nde e\u011fitim almaya hak kazanacak.<br \/>\n<br \/>DENEYAP Teknoloji At\u00f6lyeleri, kuruldu\u011fu g\u00fcnden bu yana 591 bin 977 ba\u015fvuru ald\u0131. Program kapsam\u0131nda 44 bin 615 \u00f6\u011frenci e\u011fitim s\u00fcrecine dahil olurken, 10 bin 802 \u00f6\u011frenci mezun oldu. 14 bin 151 e\u011fitmen programda g\u00f6rev yapt\u0131. 2024 y\u0131l\u0131nda ise programa 156 bin ba\u015fvuru ger\u00e7ekle\u015ftirildi. 2026 \u00d6\u011frenci Se\u00e7me S\u00fcreci ba\u015fvurular\u0131 \u00e7evrim i\u00e7i olarak al\u0131nacak olup, son ba\u015fvuru tarihi 6 Mart 2026 olarak a\u00e7\u0131kland\u0131. Ba\u015fvuru ve s\u00fcre\u00e7le ilgili bilgilere www.deneyap.org adresinden ula\u015f\u0131labilece\u011fi bildirildi.<br \/><\/p>\n","protected":false},"excerpt":{"rendered":"<p>T\u00fcrkiye genelinde 81 ilde 132 at\u00f6lyede y\u00fcr\u00fct\u00fclen DENEYAP Teknoloji At\u00f6lyeleri program\u0131n\u0131n 2026 \u00d6\u011frenci Se\u00e7me S\u00fcreci ba\u015flad\u0131. Ba\u015fvurular 6 Mart 2026 tarihine kadar yap\u0131labilecek. Sanayi ve Teknoloji Bakanl\u0131\u011f\u0131, Gen\u00e7lik ve Spor Bakanl\u0131\u011f\u0131, T\u00dcB\u0130TAK ve T\u00fcrkiye Teknoloji Tak\u0131m\u0131 Vakf\u0131 (T3 Vakf\u0131) i\u015f birli\u011fiyle y\u00fcr\u00fct\u00fclen DENEYAP Teknoloji At\u00f6lyeleri kapsam\u0131nda 2026 y\u0131l\u0131 \u00d6\u011frenci Se\u00e7me S\u00fcreci ba\u015fvurular\u0131 ba\u015flad\u0131. Program, T\u00fcrkiye\u2019nin&#8230;<\/p>\n","protected":false},"author":1,"featured_media":86880,"comment_status":"open","ping_status":"open","sticky":false,"template":"","format":"standard","meta":{"_crdt_document":"","footnotes":""},"categories":[1],"tags":[],"class_list":["post-86879","post","type-post","status-publish","format-standard","has-post-thumbnail","hentry","category-guncel"],"_links":{"self":[{"href":"https:\/\/www.egemtv.com\/index.php?rest_route=\/wp\/v2\/posts\/86879","targetHints":{"allow":["GET"]}}],"collection":[{"href":"https:\/\/www.egemtv.com\/index.php?rest_route=\/wp\/v2\/posts"}],"about":[{"href":"https:\/\/www.egemtv.com\/index.php?rest_route=\/wp\/v2\/types\/post"}],"author":[{"embeddable":true,"href":"https:\/\/www.egemtv.com\/index.php?rest_route=\/wp\/v2\/users\/1"}],"replies":[{"embeddable":true,"href":"https:\/\/www.egemtv.com\/index.php?rest_route=%2Fwp%2Fv2%2Fcomments&post=86879"}],"version-history":[{"count":1,"href":"https:\/\/www.egemtv.com\/index.php?rest_route=\/wp\/v2\/posts\/86879\/revisions"}],"predecessor-version":[{"id":86881,"href":"https:\/\/www.egemtv.com\/index.php?rest_route=\/wp\/v2\/posts\/86879\/revisions\/86881"}],"wp:featuredmedia":[{"embeddable":true,"href":"https:\/\/www.egemtv.com\/index.php?rest_route=\/wp\/v2\/media\/86880"}],"wp:attachment":[{"href":"https:\/\/www.egemtv.com\/index.php?rest_route=%2Fwp%2Fv2%2Fmedia&parent=86879"}],"wp:term":[{"taxonomy":"category","embeddable":true,"href":"https:\/\/www.egemtv.com\/index.php?rest_route=%2Fwp%2Fv2%2Fcategories&post=86879"},{"taxonomy":"post_tag","embeddable":true,"href":"https:\/\/www.egemtv.com\/index.php?rest_route=%2Fwp%2Fv2%2Ftags&post=86879"}],"curies":[{"name":"wp","href":"https:\/\/api.w.org\/{rel}","templated":true}]}}