{"id":86876,"date":"2026-02-11T10:14:46","date_gmt":"2026-02-11T07:14:46","guid":{"rendered":"https:\/\/www.egemtv.com\/?p=86876"},"modified":"2026-02-11T10:14:46","modified_gmt":"2026-02-11T07:14:46","slug":"mesleki-egitimin-guclendirilmesi-icin-saha-calismalari-suruyor","status":"publish","type":"post","link":"https:\/\/www.egemtv.com\/?p=86876","title":{"rendered":"Mesleki e\u011fitimin g\u00fc\u00e7lendirilmesi i\u00e7in saha \u00e7al\u0131\u015fmalar\u0131 s\u00fcr\u00fcyor"},"content":{"rendered":"<p>K\u00fctahya\u2019da mesleki e\u011fitimin g\u00fc\u00e7lendirilmesi amac\u0131yla y\u00fcr\u00fct\u00fclen saha ziyaretleri kapsam\u0131nda \u0130l Milli E\u011fitim M\u00fcd\u00fcr\u00fc Mustafa Y\u0131lmaz ve beraberindekiler, Atat\u00fcrk Mesleki ve Teknik Anadolu Lisesi\u2019ni ziyaret etti.<br \/>\n<br \/>Ziyaret kapsam\u0131nda okulun s\u0131n\u0131f ve at\u00f6lyeleri gezilerek y\u00fcr\u00fct\u00fclen e\u011fitim-\u00f6\u011fretim faaliyetleri yerinde incelendi. \u00d6\u011frencilerin uygulamal\u0131 e\u011fitim s\u00fcre\u00e7leri, at\u00f6lye imk\u00e2nlar\u0131 ve \u00fcretim temelli mesleki e\u011fitim \u00e7al\u0131\u015fmalar\u0131 hakk\u0131nda okul y\u00f6neticileri ve \u00f6\u011fretmenlerden bilgi al\u0131nd\u0131. Program\u0131n devam\u0131nda \u00f6\u011fretmenler odas\u0131nda \u00f6\u011fretmenlerle bir araya gelinerek e\u011fitim s\u00fcre\u00e7leri, mesleki e\u011fitimin gelece\u011fi ve sahadaki uygulamalar \u00fczerine de\u011ferlendirmelerde bulunuldu.<\/p>\n<p>&#8220;Meslek liselerinin daha g\u00fc\u00e7l\u00fc rol almas\u0131 hedefleniyor&#8221;<br \/>\n<br \/>\u0130l Milli E\u011fitim M\u00fcd\u00fcr\u00fc Mustafa Y\u0131lmaz, T\u00fcrkiye Y\u00fczy\u0131l\u0131 vizyonu do\u011frultusunda hayata ge\u00e7irilen T\u00fcrkiye Y\u00fczy\u0131l\u0131 Maarif Modeli ile \u00f6\u011frencilerin akademik geli\u015fimlerinin yan\u0131 s\u0131ra de\u011fer, erdem ve beceri temelli \u00e7ok y\u00f6nl\u00fc geli\u015fimlerinin hedeflendi\u011fini vurgulad\u0131. E\u011fitim s\u00fcre\u00e7lerinde \u00f6\u011frencinin aktif oldu\u011fu, uygulama ve \u00fcretim temelli \u00f6\u011frenme yakla\u015f\u0131mlar\u0131n\u0131n \u00f6nemine dikkat \u00e7ekti. K\u00fctahya\u2019da uygulamaya al\u0131nan HAM\u0130 Projesi kapsam\u0131nda mesleki e\u011fitim kurumlar\u0131 ile sekt\u00f6r i\u015f birliklerinin g\u00fc\u00e7lendirildi\u011fini belirten Y\u0131lmaz, \u00f6\u011frencilerin ger\u00e7ek \u00fcretim ortamlar\u0131yla bulu\u015fmas\u0131n\u0131n sa\u011fland\u0131\u011f\u0131n\u0131 ve meslek liselerinin \u00fcretim, istihdam ve kalk\u0131nma s\u00fcre\u00e7lerinde daha g\u00fc\u00e7l\u00fc rol almas\u0131n\u0131n hedeflendi\u011fini ifade etti.<\/p>\n<p>&#8220;\u00d6\u011frencilerin hayatlar\u0131nda en g\u00fc\u00e7l\u00fc rehberlerin aileleri ve \u00f6\u011fretmenleri&#8221;<br \/>\n<br \/>Ziyaret kapsam\u0131nda velilerle de bir araya gelen \u0130l Milli E\u011fitim M\u00fcd\u00fcr\u00fc Mustafa Y\u0131lmaz, okul-veli i\u015f birli\u011finin e\u011fitim s\u00fcrecinin en temel unsurlar\u0131ndan biri oldu\u011funu belirterek, velilerle g\u00fc\u00e7l\u00fc ileti\u015fimin \u00f6\u011frencilerin geli\u015fiminde kritik rol oynad\u0131\u011f\u0131n\u0131 dile getirdi. Dijital platformlar ve sosyal medya ba\u015fta olmak \u00fczere \u00f6\u011frencileri olumsuz etkileyebilecek unsurlara kar\u015f\u0131 aile-okul birlikteli\u011finin \u00f6nemine dikkat \u00e7ekti. \u00d6\u011frencilerin hayatlar\u0131nda en g\u00fc\u00e7l\u00fc rehberlerin aileleri ve \u00f6\u011fretmenleri oldu\u011funu vurgulayan \u0130l Milli E\u011fitim M\u00fcd\u00fcr\u00fc Y\u0131lmaz, \u00f6\u011frenci-veli-\u00f6\u011fretmen ileti\u015fiminin kopmamas\u0131n\u0131n sa\u011fl\u0131kl\u0131 nesiller yeti\u015ftirilmesinde belirleyici oldu\u011funu ifade etti. Sahadan gelen geri bildirimlerin e\u011fitim kalitesini art\u0131rmada b\u00fcy\u00fck \u00f6nem ta\u015f\u0131d\u0131\u011f\u0131n\u0131 belirten Y\u0131lmaz, \u00f6\u011fretmenlerin uygulamada kar\u015f\u0131la\u015ft\u0131klar\u0131 ihtiya\u00e7 ve eksiklikleri payla\u015fmalar\u0131n\u0131n politika geli\u015ftirme s\u00fcre\u00e7lerine katk\u0131 sa\u011flayaca\u011f\u0131n\u0131 s\u00f6yledi.<br \/>\n<br \/>\u0130l Milli E\u011fitim M\u00fcd\u00fcr\u00fc Mustafa Y\u0131lmaz\u2019a \u0130l Milli E\u011fitim M\u00fcd\u00fcr Yard\u0131mc\u0131s\u0131 Hakan G\u00f6lp\u0131nar ve Mesleki ile Teknik E\u011fitim Hizmetleri \u015eube M\u00fcd\u00fcr\u00fc Ali Sezer e\u015flik etti.<br \/><\/p>\n","protected":false},"excerpt":{"rendered":"<p>K\u00fctahya\u2019da mesleki e\u011fitimin g\u00fc\u00e7lendirilmesi amac\u0131yla y\u00fcr\u00fct\u00fclen saha ziyaretleri kapsam\u0131nda \u0130l Milli E\u011fitim M\u00fcd\u00fcr\u00fc Mustafa Y\u0131lmaz ve beraberindekiler, Atat\u00fcrk Mesleki ve Teknik Anadolu Lisesi\u2019ni ziyaret etti. Ziyaret kapsam\u0131nda okulun s\u0131n\u0131f ve at\u00f6lyeleri gezilerek y\u00fcr\u00fct\u00fclen e\u011fitim-\u00f6\u011fretim faaliyetleri yerinde incelendi. \u00d6\u011frencilerin uygulamal\u0131 e\u011fitim s\u00fcre\u00e7leri, at\u00f6lye imk\u00e2nlar\u0131 ve \u00fcretim temelli mesleki e\u011fitim \u00e7al\u0131\u015fmalar\u0131 hakk\u0131nda okul y\u00f6neticileri ve \u00f6\u011fretmenlerden bilgi&#8230;<\/p>\n","protected":false},"author":1,"featured_media":86877,"comment_status":"open","ping_status":"open","sticky":false,"template":"","format":"standard","meta":{"_crdt_document":"","footnotes":""},"categories":[1],"tags":[],"class_list":["post-86876","post","type-post","status-publish","format-standard","has-post-thumbnail","hentry","category-guncel"],"_links":{"self":[{"href":"https:\/\/www.egemtv.com\/index.php?rest_route=\/wp\/v2\/posts\/86876","targetHints":{"allow":["GET"]}}],"collection":[{"href":"https:\/\/www.egemtv.com\/index.php?rest_route=\/wp\/v2\/posts"}],"about":[{"href":"https:\/\/www.egemtv.com\/index.php?rest_route=\/wp\/v2\/types\/post"}],"author":[{"embeddable":true,"href":"https:\/\/www.egemtv.com\/index.php?rest_route=\/wp\/v2\/users\/1"}],"replies":[{"embeddable":true,"href":"https:\/\/www.egemtv.com\/index.php?rest_route=%2Fwp%2Fv2%2Fcomments&post=86876"}],"version-history":[{"count":1,"href":"https:\/\/www.egemtv.com\/index.php?rest_route=\/wp\/v2\/posts\/86876\/revisions"}],"predecessor-version":[{"id":86878,"href":"https:\/\/www.egemtv.com\/index.php?rest_route=\/wp\/v2\/posts\/86876\/revisions\/86878"}],"wp:featuredmedia":[{"embeddable":true,"href":"https:\/\/www.egemtv.com\/index.php?rest_route=\/wp\/v2\/media\/86877"}],"wp:attachment":[{"href":"https:\/\/www.egemtv.com\/index.php?rest_route=%2Fwp%2Fv2%2Fmedia&parent=86876"}],"wp:term":[{"taxonomy":"category","embeddable":true,"href":"https:\/\/www.egemtv.com\/index.php?rest_route=%2Fwp%2Fv2%2Fcategories&post=86876"},{"taxonomy":"post_tag","embeddable":true,"href":"https:\/\/www.egemtv.com\/index.php?rest_route=%2Fwp%2Fv2%2Ftags&post=86876"}],"curies":[{"name":"wp","href":"https:\/\/api.w.org\/{rel}","templated":true}]}}