{"id":86873,"date":"2026-02-11T10:14:45","date_gmt":"2026-02-11T07:14:45","guid":{"rendered":"https:\/\/www.egemtv.com\/?p=86873"},"modified":"2026-02-11T10:14:45","modified_gmt":"2026-02-11T07:14:45","slug":"atil-koy-okullari-sosyo-kultur-merkezlerine-donusturuluyor","status":"publish","type":"post","link":"https:\/\/www.egemtv.com\/?p=86873","title":{"rendered":"At\u0131l k\u00f6y okullar\u0131, sosyo-k\u00fclt\u00fcr merkezlerine d\u00f6n\u00fc\u015ft\u00fcr\u00fcl\u00fcyor"},"content":{"rendered":"<p>K\u00fctahya\u2019da k\u00f6ylerde uzun s\u00fcredir kullan\u0131lmayan ve at\u0131l durumda bulunan k\u00f6y okullar\u0131, sosyo-k\u00fclt\u00fcr merkezlerine d\u00f6n\u00fc\u015ft\u00fcr\u00fcl\u00fcyor.<br \/>\n<br \/>Vali Musa I\u015f\u0131n\u2019\u0131n direktifleri do\u011frultusunda y\u00fcr\u00fct\u00fclen \u00e7al\u0131\u015fmalar; K\u00fctahya Valili\u011fi, K\u00fctahya \u0130l \u00d6zel \u0130daresi, kaymakaml\u0131klar ve k\u00f6y muhtarl\u0131klar\u0131n\u0131n i\u015f birli\u011fiyle s\u00fcrd\u00fcr\u00fcl\u00fcyor.<br \/>\n<br \/>Ger\u00e7ekle\u015ftirilen tadilatlar\u0131n tamamlanmas\u0131n\u0131n ard\u0131ndan, eski k\u00f6y okullar\u0131 k\u00f6ylerin \u00f6ncelikli ihtiya\u00e7lar\u0131 do\u011frultusunda; d\u00fc\u011f\u00fcn ve ni\u015fan organizasyonlar\u0131, askere gidecek gen\u00e7ler i\u00e7in asker e\u011flenceleri ba\u015fta olmak \u00fczere \u00e7ok ama\u00e7l\u0131 sosyal ve k\u00fclt\u00fcrel faaliyetlerde kullan\u0131labilecek.<br \/>\n<br \/>\u0130l genelinde halen at\u0131l durumda bulunan 162 k\u00f6y okulunda k\u00f6ylerin sosyo-k\u00fclt\u00fcrel ya\u015fam\u0131na katk\u0131 sunmak amac\u0131yla ba\u015flat\u0131lan tadilat \u00e7al\u0131\u015fmalar\u0131n\u0131n bir b\u00f6l\u00fcm\u00fcnde yenilemeler tamamlan\u0131rken, kalan okullarda ise \u00e7al\u0131\u015fmalar\u0131n tamamlanmas\u0131 i\u00e7in hummal\u0131 bir \u015fekilde s\u00fcrd\u00fc\u011f\u00fc bildirildi.<br \/><\/p>\n","protected":false},"excerpt":{"rendered":"<p>K\u00fctahya\u2019da k\u00f6ylerde uzun s\u00fcredir kullan\u0131lmayan ve at\u0131l durumda bulunan k\u00f6y okullar\u0131, sosyo-k\u00fclt\u00fcr merkezlerine d\u00f6n\u00fc\u015ft\u00fcr\u00fcl\u00fcyor. Vali Musa I\u015f\u0131n\u2019\u0131n direktifleri do\u011frultusunda y\u00fcr\u00fct\u00fclen \u00e7al\u0131\u015fmalar; K\u00fctahya Valili\u011fi, K\u00fctahya \u0130l \u00d6zel \u0130daresi, kaymakaml\u0131klar ve k\u00f6y muhtarl\u0131klar\u0131n\u0131n i\u015f birli\u011fiyle s\u00fcrd\u00fcr\u00fcl\u00fcyor. Ger\u00e7ekle\u015ftirilen tadilatlar\u0131n tamamlanmas\u0131n\u0131n ard\u0131ndan, eski k\u00f6y okullar\u0131 k\u00f6ylerin \u00f6ncelikli ihtiya\u00e7lar\u0131 do\u011frultusunda; d\u00fc\u011f\u00fcn ve ni\u015fan organizasyonlar\u0131, askere gidecek gen\u00e7ler i\u00e7in asker e\u011flenceleri&#8230;<\/p>\n","protected":false},"author":1,"featured_media":86874,"comment_status":"open","ping_status":"open","sticky":false,"template":"","format":"standard","meta":{"_crdt_document":"","footnotes":""},"categories":[1],"tags":[],"class_list":["post-86873","post","type-post","status-publish","format-standard","has-post-thumbnail","hentry","category-guncel"],"_links":{"self":[{"href":"https:\/\/www.egemtv.com\/index.php?rest_route=\/wp\/v2\/posts\/86873","targetHints":{"allow":["GET"]}}],"collection":[{"href":"https:\/\/www.egemtv.com\/index.php?rest_route=\/wp\/v2\/posts"}],"about":[{"href":"https:\/\/www.egemtv.com\/index.php?rest_route=\/wp\/v2\/types\/post"}],"author":[{"embeddable":true,"href":"https:\/\/www.egemtv.com\/index.php?rest_route=\/wp\/v2\/users\/1"}],"replies":[{"embeddable":true,"href":"https:\/\/www.egemtv.com\/index.php?rest_route=%2Fwp%2Fv2%2Fcomments&post=86873"}],"version-history":[{"count":1,"href":"https:\/\/www.egemtv.com\/index.php?rest_route=\/wp\/v2\/posts\/86873\/revisions"}],"predecessor-version":[{"id":86875,"href":"https:\/\/www.egemtv.com\/index.php?rest_route=\/wp\/v2\/posts\/86873\/revisions\/86875"}],"wp:featuredmedia":[{"embeddable":true,"href":"https:\/\/www.egemtv.com\/index.php?rest_route=\/wp\/v2\/media\/86874"}],"wp:attachment":[{"href":"https:\/\/www.egemtv.com\/index.php?rest_route=%2Fwp%2Fv2%2Fmedia&parent=86873"}],"wp:term":[{"taxonomy":"category","embeddable":true,"href":"https:\/\/www.egemtv.com\/index.php?rest_route=%2Fwp%2Fv2%2Fcategories&post=86873"},{"taxonomy":"post_tag","embeddable":true,"href":"https:\/\/www.egemtv.com\/index.php?rest_route=%2Fwp%2Fv2%2Ftags&post=86873"}],"curies":[{"name":"wp","href":"https:\/\/api.w.org\/{rel}","templated":true}]}}