{"id":86870,"date":"2026-02-11T10:14:43","date_gmt":"2026-02-11T07:14:43","guid":{"rendered":"https:\/\/www.egemtv.com\/?p=86870"},"modified":"2026-02-11T10:14:44","modified_gmt":"2026-02-11T07:14:44","slug":"ekipler-sahaya-indi-kapanan-bahce-yollari-acildi","status":"publish","type":"post","link":"https:\/\/www.egemtv.com\/?p=86870","title":{"rendered":"Ekipler sahaya indi, kapanan bah\u00e7e yollar\u0131 a\u00e7\u0131ld\u0131"},"content":{"rendered":"<p>Ayd\u0131n\u2019\u0131n Yenipazar il\u00e7esinde etkili olan ya\u011f\u0131\u015flar\u0131n ard\u0131ndan kapanan ba\u011f ve bah\u00e7e yollar\u0131 belediye ekiplerince temizlenerek kullan\u0131ma a\u00e7\u0131ld\u0131.<\/p>\n<p>Ayd\u0131n genelinde etkili olan sa\u011fanak ya\u011f\u0131\u015flar hayat\u0131 olumsuz etkilerken, Yenipazar il\u00e7esi Pa\u015fak\u00f6y Mahallesi\u2019nde de ba\u011f ve bah\u00e7e yollar\u0131 kullan\u0131ma kapanm\u0131\u015ft\u0131. Bu kapsamda saha \u00e7al\u0131\u015fmalar\u0131n\u0131 aral\u0131ks\u0131z s\u00fcrd\u00fcren ve son g\u00fcnlerde etkili olan sa\u011fanak ya\u011f\u0131\u015flar\u0131n ard\u0131ndan sahaya inen Yenipazar Belediyesi ekipleri, k\u0131rsal Pa\u015fak\u00f6y Mahallesi\u2019nde temizlik \u00e7al\u0131\u015fmas\u0131 ger\u00e7ekle\u015ftirdi. Ekiplerin yo\u011fun \u00e7al\u0131\u015fmas\u0131n\u0131n ard\u0131ndan \u00fcreticiler i\u00e7in \u00f6nemli olan ba\u011f ve bah\u00e7e yollar\u0131 yeniden kullan\u0131ma a\u00e7\u0131ld\u0131. \u00c7al\u0131\u015fmalar\u0131n ard\u0131ndan belediye ekiplerine te\u015fekk\u00fcr eden Pa\u015fak\u00f6y Mahallesi Muhtar\u0131 Ali K\u00f6seo\u011flu; &#8220;Kapanan ba\u011f bah\u00e7e yollar\u0131m\u0131z\u0131 Yenipazar Belediye ekipleri sayesinde a\u00e7m\u0131\u015f bulunmaktay\u0131z. Bizlerden desteklerini esirgemeyen Yenipazar Belediye Ba\u015fkan\u0131 Malik Ercan ba\u015fkan\u0131ma sonsuz te\u015fekk\u00fcrler&#8221; dedi.<br \/><\/p>\n","protected":false},"excerpt":{"rendered":"<p>Ayd\u0131n\u2019\u0131n Yenipazar il\u00e7esinde etkili olan ya\u011f\u0131\u015flar\u0131n ard\u0131ndan kapanan ba\u011f ve bah\u00e7e yollar\u0131 belediye ekiplerince temizlenerek kullan\u0131ma a\u00e7\u0131ld\u0131. Ayd\u0131n genelinde etkili olan sa\u011fanak ya\u011f\u0131\u015flar hayat\u0131 olumsuz etkilerken, Yenipazar il\u00e7esi Pa\u015fak\u00f6y Mahallesi\u2019nde de ba\u011f ve bah\u00e7e yollar\u0131 kullan\u0131ma kapanm\u0131\u015ft\u0131. Bu kapsamda saha \u00e7al\u0131\u015fmalar\u0131n\u0131 aral\u0131ks\u0131z s\u00fcrd\u00fcren ve son g\u00fcnlerde etkili olan sa\u011fanak ya\u011f\u0131\u015flar\u0131n ard\u0131ndan sahaya inen Yenipazar Belediyesi&#8230;<\/p>\n","protected":false},"author":1,"featured_media":86871,"comment_status":"open","ping_status":"open","sticky":false,"template":"","format":"standard","meta":{"_crdt_document":"","footnotes":""},"categories":[1],"tags":[],"class_list":["post-86870","post","type-post","status-publish","format-standard","has-post-thumbnail","hentry","category-guncel"],"_links":{"self":[{"href":"https:\/\/www.egemtv.com\/index.php?rest_route=\/wp\/v2\/posts\/86870","targetHints":{"allow":["GET"]}}],"collection":[{"href":"https:\/\/www.egemtv.com\/index.php?rest_route=\/wp\/v2\/posts"}],"about":[{"href":"https:\/\/www.egemtv.com\/index.php?rest_route=\/wp\/v2\/types\/post"}],"author":[{"embeddable":true,"href":"https:\/\/www.egemtv.com\/index.php?rest_route=\/wp\/v2\/users\/1"}],"replies":[{"embeddable":true,"href":"https:\/\/www.egemtv.com\/index.php?rest_route=%2Fwp%2Fv2%2Fcomments&post=86870"}],"version-history":[{"count":1,"href":"https:\/\/www.egemtv.com\/index.php?rest_route=\/wp\/v2\/posts\/86870\/revisions"}],"predecessor-version":[{"id":86872,"href":"https:\/\/www.egemtv.com\/index.php?rest_route=\/wp\/v2\/posts\/86870\/revisions\/86872"}],"wp:featuredmedia":[{"embeddable":true,"href":"https:\/\/www.egemtv.com\/index.php?rest_route=\/wp\/v2\/media\/86871"}],"wp:attachment":[{"href":"https:\/\/www.egemtv.com\/index.php?rest_route=%2Fwp%2Fv2%2Fmedia&parent=86870"}],"wp:term":[{"taxonomy":"category","embeddable":true,"href":"https:\/\/www.egemtv.com\/index.php?rest_route=%2Fwp%2Fv2%2Fcategories&post=86870"},{"taxonomy":"post_tag","embeddable":true,"href":"https:\/\/www.egemtv.com\/index.php?rest_route=%2Fwp%2Fv2%2Ftags&post=86870"}],"curies":[{"name":"wp","href":"https:\/\/api.w.org\/{rel}","templated":true}]}}