{"id":86867,"date":"2026-02-11T10:14:42","date_gmt":"2026-02-11T07:14:42","guid":{"rendered":"https:\/\/www.egemtv.com\/?p=86867"},"modified":"2026-02-11T10:14:43","modified_gmt":"2026-02-11T07:14:43","slug":"mugladaki-yarismada-birinci-olan-ozdemir-turkiye-finallerine-katilacak","status":"publish","type":"post","link":"https:\/\/www.egemtv.com\/?p=86867","title":{"rendered":"Mu\u011fla\u2019daki yar\u0131\u015fmada birinci olan \u00d6zdemir, T\u00fcrkiye finallerine kat\u0131lacak"},"content":{"rendered":"<p>Mu\u011fla\u2019da d\u00fczenlenen &#8220;Korkma Gen\u00e7li\u011fin Ruhu Burada&#8221; temal\u0131 yar\u0131\u015fmada il birincisi olan 5. s\u0131n\u0131f \u00f6\u011frencisi Azra \u00d6zdemir, T\u00fcrkiye finaline gitmeye hak kazand\u0131.<\/p>\n<p>Milli E\u011fitim Bakanl\u0131\u011f\u0131 Temel E\u011fitim Genel M\u00fcd\u00fcrl\u00fc\u011f\u00fc taraf\u0131ndan, \u0130stiklal Mar\u015f\u0131\u2019n\u0131n Kabul\u00fc ve Mehmet Akif Ersoy\u2019u Anma G\u00fcn\u00fc etkinlikleri kapsam\u0131nda d\u00fczenlenen &#8220;Korkma Gen\u00e7li\u011fin Ruhu Burada&#8221; temal\u0131 \u0130stiklal Mar\u015f\u0131\u2019n\u0131 G\u00fczel Okuma Yar\u0131\u015fmas\u0131\u2019n\u0131n Mu\u011fla aya\u011f\u0131 sonu\u00e7land\u0131.<\/p>\n<p>Yar\u0131\u015fmada sergiledi\u011fi performansla dinleyenleri duyguland\u0131ran Mente\u015fe \u015eehit \u0130brahim Karao\u011flano\u011flu Ortaokulu 5. s\u0131n\u0131f \u00f6\u011frencisi Azra \u00d6zdemir, rakiplerini geride b\u0131rakarak il birincisi olmay\u0131 ba\u015fard\u0131.<\/p>\n<p>\u0130l birincili\u011fi ba\u015far\u0131s\u0131yla Mu\u011fla\u2019y\u0131 T\u00fcrkiye genelinde d\u00fczenlenecek olan finalde temsil etme hakk\u0131 kazanan Azra \u00d6zdemir i\u00e7in bir \u00f6d\u00fcl t\u00f6reni d\u00fczenlendi. Mente\u015fe \u0130l\u00e7e Mill\u00ee E\u011fitim M\u00fcd\u00fcr\u00fc Mehmet Kele\u015f, ba\u015far\u0131l\u0131 \u00f6\u011frenciyi makam\u0131nda a\u011f\u0131rlayarak bu anlaml\u0131 ba\u015far\u0131y\u0131 bir plaket ile onurland\u0131rd\u0131.<br \/><\/p>\n","protected":false},"excerpt":{"rendered":"<p>Mu\u011fla\u2019da d\u00fczenlenen &#8220;Korkma Gen\u00e7li\u011fin Ruhu Burada&#8221; temal\u0131 yar\u0131\u015fmada il birincisi olan 5. s\u0131n\u0131f \u00f6\u011frencisi Azra \u00d6zdemir, T\u00fcrkiye finaline gitmeye hak kazand\u0131. Milli E\u011fitim Bakanl\u0131\u011f\u0131 Temel E\u011fitim Genel M\u00fcd\u00fcrl\u00fc\u011f\u00fc taraf\u0131ndan, \u0130stiklal Mar\u015f\u0131\u2019n\u0131n Kabul\u00fc ve Mehmet Akif Ersoy\u2019u Anma G\u00fcn\u00fc etkinlikleri kapsam\u0131nda d\u00fczenlenen &#8220;Korkma Gen\u00e7li\u011fin Ruhu Burada&#8221; temal\u0131 \u0130stiklal Mar\u015f\u0131\u2019n\u0131 G\u00fczel Okuma Yar\u0131\u015fmas\u0131\u2019n\u0131n Mu\u011fla aya\u011f\u0131 sonu\u00e7land\u0131. Yar\u0131\u015fmada&#8230;<\/p>\n","protected":false},"author":1,"featured_media":86868,"comment_status":"open","ping_status":"open","sticky":false,"template":"","format":"standard","meta":{"_crdt_document":"","footnotes":""},"categories":[1],"tags":[],"class_list":["post-86867","post","type-post","status-publish","format-standard","has-post-thumbnail","hentry","category-guncel"],"_links":{"self":[{"href":"https:\/\/www.egemtv.com\/index.php?rest_route=\/wp\/v2\/posts\/86867","targetHints":{"allow":["GET"]}}],"collection":[{"href":"https:\/\/www.egemtv.com\/index.php?rest_route=\/wp\/v2\/posts"}],"about":[{"href":"https:\/\/www.egemtv.com\/index.php?rest_route=\/wp\/v2\/types\/post"}],"author":[{"embeddable":true,"href":"https:\/\/www.egemtv.com\/index.php?rest_route=\/wp\/v2\/users\/1"}],"replies":[{"embeddable":true,"href":"https:\/\/www.egemtv.com\/index.php?rest_route=%2Fwp%2Fv2%2Fcomments&post=86867"}],"version-history":[{"count":1,"href":"https:\/\/www.egemtv.com\/index.php?rest_route=\/wp\/v2\/posts\/86867\/revisions"}],"predecessor-version":[{"id":86869,"href":"https:\/\/www.egemtv.com\/index.php?rest_route=\/wp\/v2\/posts\/86867\/revisions\/86869"}],"wp:featuredmedia":[{"embeddable":true,"href":"https:\/\/www.egemtv.com\/index.php?rest_route=\/wp\/v2\/media\/86868"}],"wp:attachment":[{"href":"https:\/\/www.egemtv.com\/index.php?rest_route=%2Fwp%2Fv2%2Fmedia&parent=86867"}],"wp:term":[{"taxonomy":"category","embeddable":true,"href":"https:\/\/www.egemtv.com\/index.php?rest_route=%2Fwp%2Fv2%2Fcategories&post=86867"},{"taxonomy":"post_tag","embeddable":true,"href":"https:\/\/www.egemtv.com\/index.php?rest_route=%2Fwp%2Fv2%2Ftags&post=86867"}],"curies":[{"name":"wp","href":"https:\/\/api.w.org\/{rel}","templated":true}]}}