{"id":86864,"date":"2026-02-11T10:14:42","date_gmt":"2026-02-11T07:14:42","guid":{"rendered":"https:\/\/www.egemtv.com\/?p=86864"},"modified":"2026-02-11T10:14:42","modified_gmt":"2026-02-11T07:14:42","slug":"kutahya-il-ozel-idaresi-hizmet-yelpazesini-genisletiyor","status":"publish","type":"post","link":"https:\/\/www.egemtv.com\/?p=86864","title":{"rendered":"K\u00fctahya \u0130l \u00d6zel \u0130daresi hizmet yelpazesini geni\u015fletiyor"},"content":{"rendered":"<p>K\u00fctahya \u0130l \u00d6zel \u0130daresi, ula\u015f\u0131m ve altyap\u0131 hizmetleri, hizmet binalar\u0131 yap\u0131m\u0131 ile k\u00fclt\u00fcrel ve sosyal alanlardaki \u00e7al\u0131\u015fmalar\u0131na yeni hizmet ba\u015fl\u0131klar\u0131 ekleyerek hizmet \u00e7e\u015fitlili\u011fini art\u0131rmaya devam ediyor.<br \/>\n<br \/>K\u00fctahya \u0130l \u00d6zel \u0130daresi, mevcut hizmetlerine ilave olarak \u00e7\u00f6p toplama faaliyetleri ile k\u00f6ylere hal\u0131 saha kazand\u0131r\u0131lmas\u0131 \u00e7al\u0131\u015fmalar\u0131n\u0131 da hayata ge\u00e7irdi.<br \/>\n<br \/>2025 y\u0131l\u0131 i\u00e7erisinde y\u00fcr\u00fct\u00fclen \u00e7\u00f6p toplama \u00e7al\u0131\u015fmalar\u0131 kapsam\u0131nda, K\u00fctahya genelinde bulunan 13 il\u00e7eye ba\u011fl\u0131 546 k\u00f6yde toplam 13 bin 186 ton \u00e7\u00f6p topland\u0131. \u00c7al\u0131\u015fmalarda 15 ara\u00e7 ve 45 personel g\u00f6rev ald\u0131.<br \/>\n<br \/>\u00d6te yandan gen\u00e7lerin daha sa\u011fl\u0131kl\u0131 ve g\u00fcvenli ortamlarda spor yapabilmeleri amac\u0131yla sentetik \u00e7im saha yat\u0131r\u0131mlar\u0131 da s\u00fcrd\u00fcr\u00fcld\u00fc. Bu kapsamda 4 sentetik \u00e7im saha tadil edilerek yenilenirken, 1 adet yeni sentetik \u00e7im saha in\u015fa edilerek gen\u00e7lerin hizmetine sunuldu.<br \/>\n<br \/>K\u00fctahya \u0130l \u00d6zel \u0130daresi yetkilileri, \u00e7evre temizli\u011fi ve spor altyap\u0131s\u0131na y\u00f6nelik yat\u0131r\u0131mlar\u0131n \u00f6n\u00fcm\u00fczdeki d\u00f6nemde de artarak devam edece\u011fini belirtti.<br \/><\/p>\n","protected":false},"excerpt":{"rendered":"<p>K\u00fctahya \u0130l \u00d6zel \u0130daresi, ula\u015f\u0131m ve altyap\u0131 hizmetleri, hizmet binalar\u0131 yap\u0131m\u0131 ile k\u00fclt\u00fcrel ve sosyal alanlardaki \u00e7al\u0131\u015fmalar\u0131na yeni hizmet ba\u015fl\u0131klar\u0131 ekleyerek hizmet \u00e7e\u015fitlili\u011fini art\u0131rmaya devam ediyor. K\u00fctahya \u0130l \u00d6zel \u0130daresi, mevcut hizmetlerine ilave olarak \u00e7\u00f6p toplama faaliyetleri ile k\u00f6ylere hal\u0131 saha kazand\u0131r\u0131lmas\u0131 \u00e7al\u0131\u015fmalar\u0131n\u0131 da hayata ge\u00e7irdi. 2025 y\u0131l\u0131 i\u00e7erisinde y\u00fcr\u00fct\u00fclen \u00e7\u00f6p toplama \u00e7al\u0131\u015fmalar\u0131 kapsam\u0131nda, K\u00fctahya&#8230;<\/p>\n","protected":false},"author":1,"featured_media":86865,"comment_status":"open","ping_status":"open","sticky":false,"template":"","format":"standard","meta":{"_crdt_document":"","footnotes":""},"categories":[123],"tags":[],"class_list":["post-86864","post","type-post","status-publish","format-standard","has-post-thumbnail","hentry","category-gundem"],"_links":{"self":[{"href":"https:\/\/www.egemtv.com\/index.php?rest_route=\/wp\/v2\/posts\/86864","targetHints":{"allow":["GET"]}}],"collection":[{"href":"https:\/\/www.egemtv.com\/index.php?rest_route=\/wp\/v2\/posts"}],"about":[{"href":"https:\/\/www.egemtv.com\/index.php?rest_route=\/wp\/v2\/types\/post"}],"author":[{"embeddable":true,"href":"https:\/\/www.egemtv.com\/index.php?rest_route=\/wp\/v2\/users\/1"}],"replies":[{"embeddable":true,"href":"https:\/\/www.egemtv.com\/index.php?rest_route=%2Fwp%2Fv2%2Fcomments&post=86864"}],"version-history":[{"count":1,"href":"https:\/\/www.egemtv.com\/index.php?rest_route=\/wp\/v2\/posts\/86864\/revisions"}],"predecessor-version":[{"id":86866,"href":"https:\/\/www.egemtv.com\/index.php?rest_route=\/wp\/v2\/posts\/86864\/revisions\/86866"}],"wp:featuredmedia":[{"embeddable":true,"href":"https:\/\/www.egemtv.com\/index.php?rest_route=\/wp\/v2\/media\/86865"}],"wp:attachment":[{"href":"https:\/\/www.egemtv.com\/index.php?rest_route=%2Fwp%2Fv2%2Fmedia&parent=86864"}],"wp:term":[{"taxonomy":"category","embeddable":true,"href":"https:\/\/www.egemtv.com\/index.php?rest_route=%2Fwp%2Fv2%2Fcategories&post=86864"},{"taxonomy":"post_tag","embeddable":true,"href":"https:\/\/www.egemtv.com\/index.php?rest_route=%2Fwp%2Fv2%2Ftags&post=86864"}],"curies":[{"name":"wp","href":"https:\/\/api.w.org\/{rel}","templated":true}]}}