{"id":86861,"date":"2026-02-11T10:14:40","date_gmt":"2026-02-11T07:14:40","guid":{"rendered":"https:\/\/www.egemtv.com\/?p=86861"},"modified":"2026-02-11T10:14:41","modified_gmt":"2026-02-11T07:14:41","slug":"kutahyanin-arac-parki-guclendirildi","status":"publish","type":"post","link":"https:\/\/www.egemtv.com\/?p=86861","title":{"rendered":"K\u00fctahya\u2019n\u0131n ara\u00e7 park\u0131 g\u00fc\u00e7lendirildi"},"content":{"rendered":"<p>K\u00fctahya \u0130l \u00d6zel \u0130daresi, altyap\u0131 hizmetlerini daha etkin, h\u0131zl\u0131 ve verimli hale getirmek amac\u0131yla 2025 y\u0131l\u0131nda ara\u00e7 park\u0131n\u0131 yeni i\u015f makinesi ve ekipmanlarla g\u00fc\u00e7lendirdi.<br \/>\n<br \/>Bu kapsamda \u0130l \u00d6zel \u0130daresi ara\u00e7 park\u0131na; 1 adet levha \u00e7akma-s\u00f6kme ekipmanl\u0131 ara\u00e7, 1 adet i\u015f makinesi ta\u015f\u0131ma lowbed ara\u00e7 \u00fcst yap\u0131s\u0131, 2 adet karla m\u00fccadele tuz serpme \u00fcst yap\u0131s\u0131, 2 adet 5 m kar b\u0131\u00e7a\u011f\u0131 (3 m), 1 adet a\u00e7\u0131k kasa \u00fcst yap\u0131s\u0131, 1 adet su tankeri \u00fcst yap\u0131s\u0131, 10 adet mutfak karavan kamp arac\u0131 kazand\u0131r\u0131ld\u0131.<br \/>\n<br \/>Ara\u00e7 park\u0131na dahil edilen yeni i\u015f makinesi ve ekipmanlarla birlikte, sahada y\u00fcr\u00fct\u00fclen \u00e7al\u0131\u015fmalar\u0131n hizmet kalitesinin art\u0131r\u0131lmas\u0131 ve m\u00fcdahale s\u00fcrelerinin k\u0131salt\u0131lmas\u0131 hedefleniyor.<br \/>\n<br \/>K\u00fctahya \u0130l \u00d6zel \u0130daresi yetkilileri, 2026 y\u0131l\u0131nda da ara\u00e7 park\u0131n\u0131 \u00f6nceki y\u0131llarda oldu\u011fu gibi ayn\u0131 h\u0131zla geni\u015fletmeyi ve hizmet kapasitesini art\u0131rmay\u0131 hedeflediklerini ifade etti.<br \/><\/p>\n","protected":false},"excerpt":{"rendered":"<p>K\u00fctahya \u0130l \u00d6zel \u0130daresi, altyap\u0131 hizmetlerini daha etkin, h\u0131zl\u0131 ve verimli hale getirmek amac\u0131yla 2025 y\u0131l\u0131nda ara\u00e7 park\u0131n\u0131 yeni i\u015f makinesi ve ekipmanlarla g\u00fc\u00e7lendirdi. Bu kapsamda \u0130l \u00d6zel \u0130daresi ara\u00e7 park\u0131na; 1 adet levha \u00e7akma-s\u00f6kme ekipmanl\u0131 ara\u00e7, 1 adet i\u015f makinesi ta\u015f\u0131ma lowbed ara\u00e7 \u00fcst yap\u0131s\u0131, 2 adet karla m\u00fccadele tuz serpme \u00fcst yap\u0131s\u0131, 2&#8230;<\/p>\n","protected":false},"author":1,"featured_media":86862,"comment_status":"open","ping_status":"open","sticky":false,"template":"","format":"standard","meta":{"_crdt_document":"","footnotes":""},"categories":[1],"tags":[],"class_list":["post-86861","post","type-post","status-publish","format-standard","has-post-thumbnail","hentry","category-guncel"],"_links":{"self":[{"href":"https:\/\/www.egemtv.com\/index.php?rest_route=\/wp\/v2\/posts\/86861","targetHints":{"allow":["GET"]}}],"collection":[{"href":"https:\/\/www.egemtv.com\/index.php?rest_route=\/wp\/v2\/posts"}],"about":[{"href":"https:\/\/www.egemtv.com\/index.php?rest_route=\/wp\/v2\/types\/post"}],"author":[{"embeddable":true,"href":"https:\/\/www.egemtv.com\/index.php?rest_route=\/wp\/v2\/users\/1"}],"replies":[{"embeddable":true,"href":"https:\/\/www.egemtv.com\/index.php?rest_route=%2Fwp%2Fv2%2Fcomments&post=86861"}],"version-history":[{"count":1,"href":"https:\/\/www.egemtv.com\/index.php?rest_route=\/wp\/v2\/posts\/86861\/revisions"}],"predecessor-version":[{"id":86863,"href":"https:\/\/www.egemtv.com\/index.php?rest_route=\/wp\/v2\/posts\/86861\/revisions\/86863"}],"wp:featuredmedia":[{"embeddable":true,"href":"https:\/\/www.egemtv.com\/index.php?rest_route=\/wp\/v2\/media\/86862"}],"wp:attachment":[{"href":"https:\/\/www.egemtv.com\/index.php?rest_route=%2Fwp%2Fv2%2Fmedia&parent=86861"}],"wp:term":[{"taxonomy":"category","embeddable":true,"href":"https:\/\/www.egemtv.com\/index.php?rest_route=%2Fwp%2Fv2%2Fcategories&post=86861"},{"taxonomy":"post_tag","embeddable":true,"href":"https:\/\/www.egemtv.com\/index.php?rest_route=%2Fwp%2Fv2%2Ftags&post=86861"}],"curies":[{"name":"wp","href":"https:\/\/api.w.org\/{rel}","templated":true}]}}