{"id":86858,"date":"2026-02-11T10:14:39","date_gmt":"2026-02-11T07:14:39","guid":{"rendered":"https:\/\/www.egemtv.com\/?p=86858"},"modified":"2026-02-11T10:14:40","modified_gmt":"2026-02-11T07:14:40","slug":"meahta-hizmet-standartlari-mercek-altinda","status":"publish","type":"post","link":"https:\/\/www.egemtv.com\/?p=86858","title":{"rendered":"MEAH\u2019ta hizmet standartlar\u0131 mercek alt\u0131nda"},"content":{"rendered":"<p>Sa\u011fl\u0131kta kalite standartlar\u0131 gere\u011fi d\u00fczenlenen &#8220;Bina Turu&#8221; denetimleri kapsam\u0131nda, Mu\u011fla E\u011fitim ve Ara\u015ft\u0131rma Hastanesi y\u00f6netimi ve teknik ekipleri tesis g\u00fcvenli\u011fini yerinde inceledi.<\/p>\n<p>Mu\u011fla E\u011fitim ve Ara\u015ft\u0131rma Hastanesinde, sa\u011fl\u0131kta kalite ve hasta g\u00fcvenli\u011fini en \u00fcst seviyede tutmak amac\u0131yla ger\u00e7ekle\u015ftirilen saha denetimleri aral\u0131ks\u0131z devam ediyor. Bu kapsamda, 2026 y\u0131l\u0131 \u015eubat ay\u0131 &#8220;Bina Turu&#8221; faaliyeti geni\u015f bir kat\u0131l\u0131mla tamamland\u0131.<\/p>\n<p>Sa\u011fl\u0131k tesisi de\u011ferlendirme standartlar\u0131 uyar\u0131nca periyodik olarak yap\u0131lan denetimlere; hastane y\u00f6neticileri, Tesis G\u00fcvenli\u011fi Ekibi \u00fcyeleri ve Kalite Birim Sorumlular\u0131 kat\u0131ld\u0131. Denetim s\u0131ras\u0131nda hastanenin fiziksel durumu, teknik altyap\u0131s\u0131 ve hizmet sunum alanlar\u0131 titizlikle incelendi.<\/p>\n<p>Hastane y\u00f6netiminden yap\u0131lan a\u00e7\u0131klamada, bu t\u00fcr denetimlerin sadece birer kural de\u011fil, sunulan sa\u011fl\u0131k hizmetinin s\u00fcrd\u00fcr\u00fclebilirli\u011fi ve g\u00fcvenli\u011fi i\u00e7in kritik birer ara\u00e7 oldu\u011fu vurguland\u0131. \u015eubat ay\u0131 bina turunda elde edilen verilerin, hastane hizmet kalitesini daha da ileriye ta\u015f\u0131mak ad\u0131na raporland\u0131\u011f\u0131 belirtildi.<br \/><\/p>\n","protected":false},"excerpt":{"rendered":"<p>Sa\u011fl\u0131kta kalite standartlar\u0131 gere\u011fi d\u00fczenlenen &#8220;Bina Turu&#8221; denetimleri kapsam\u0131nda, Mu\u011fla E\u011fitim ve Ara\u015ft\u0131rma Hastanesi y\u00f6netimi ve teknik ekipleri tesis g\u00fcvenli\u011fini yerinde inceledi. Mu\u011fla E\u011fitim ve Ara\u015ft\u0131rma Hastanesinde, sa\u011fl\u0131kta kalite ve hasta g\u00fcvenli\u011fini en \u00fcst seviyede tutmak amac\u0131yla ger\u00e7ekle\u015ftirilen saha denetimleri aral\u0131ks\u0131z devam ediyor. Bu kapsamda, 2026 y\u0131l\u0131 \u015eubat ay\u0131 &#8220;Bina Turu&#8221; faaliyeti geni\u015f bir kat\u0131l\u0131mla&#8230;<\/p>\n","protected":false},"author":1,"featured_media":86859,"comment_status":"open","ping_status":"open","sticky":false,"template":"","format":"standard","meta":{"_crdt_document":"","footnotes":""},"categories":[2],"tags":[],"class_list":["post-86858","post","type-post","status-publish","format-standard","has-post-thumbnail","hentry","category-saglik"],"_links":{"self":[{"href":"https:\/\/www.egemtv.com\/index.php?rest_route=\/wp\/v2\/posts\/86858","targetHints":{"allow":["GET"]}}],"collection":[{"href":"https:\/\/www.egemtv.com\/index.php?rest_route=\/wp\/v2\/posts"}],"about":[{"href":"https:\/\/www.egemtv.com\/index.php?rest_route=\/wp\/v2\/types\/post"}],"author":[{"embeddable":true,"href":"https:\/\/www.egemtv.com\/index.php?rest_route=\/wp\/v2\/users\/1"}],"replies":[{"embeddable":true,"href":"https:\/\/www.egemtv.com\/index.php?rest_route=%2Fwp%2Fv2%2Fcomments&post=86858"}],"version-history":[{"count":1,"href":"https:\/\/www.egemtv.com\/index.php?rest_route=\/wp\/v2\/posts\/86858\/revisions"}],"predecessor-version":[{"id":86860,"href":"https:\/\/www.egemtv.com\/index.php?rest_route=\/wp\/v2\/posts\/86858\/revisions\/86860"}],"wp:featuredmedia":[{"embeddable":true,"href":"https:\/\/www.egemtv.com\/index.php?rest_route=\/wp\/v2\/media\/86859"}],"wp:attachment":[{"href":"https:\/\/www.egemtv.com\/index.php?rest_route=%2Fwp%2Fv2%2Fmedia&parent=86858"}],"wp:term":[{"taxonomy":"category","embeddable":true,"href":"https:\/\/www.egemtv.com\/index.php?rest_route=%2Fwp%2Fv2%2Fcategories&post=86858"},{"taxonomy":"post_tag","embeddable":true,"href":"https:\/\/www.egemtv.com\/index.php?rest_route=%2Fwp%2Fv2%2Ftags&post=86858"}],"curies":[{"name":"wp","href":"https:\/\/api.w.org\/{rel}","templated":true}]}}