{"id":86855,"date":"2026-02-11T09:54:43","date_gmt":"2026-02-11T06:54:43","guid":{"rendered":"https:\/\/www.egemtv.com\/?p=86855"},"modified":"2026-02-11T09:54:43","modified_gmt":"2026-02-11T06:54:43","slug":"minik-alparslan-kumbarasini-kuran-kursu-icin-acti","status":"publish","type":"post","link":"https:\/\/www.egemtv.com\/?p=86855","title":{"rendered":"Minik Alparslan kumbaras\u0131n\u0131 Kur\u2019an Kursu i\u00e7in a\u00e7t\u0131"},"content":{"rendered":"<p>Ayd\u0131n\u2019\u0131n Efeler il\u00e7esinde ilkokul 2\u2019nci s\u0131n\u0131f \u00f6\u011frencisi Alparslan Can, kumbaras\u0131nda biriktirdi\u011fi har\u00e7l\u0131klar\u0131n\u0131 yap\u0131m\u0131 s\u00fcren Tepecik K\u0131z Haf\u0131zl\u0131k Yat\u0131l\u0131 Kur\u2019an Kursu in\u015faat\u0131na ba\u011f\u0131\u015flad\u0131.<\/p>\n<p>Efeler Mehmet Akif Ersoy \u0130lkokulu 2. s\u0131n\u0131f \u00f6\u011frencisi Alparslan Can, k\u00fc\u00e7\u00fck ya\u015f\u0131na ra\u011fmen biriktirdi\u011fi har\u00e7l\u0131klar\u0131n\u0131 hayra ay\u0131rd\u0131. Minik \u00f6\u011frenci, kumbaras\u0131nda toplad\u0131\u011f\u0131 paray\u0131 Ayd\u0131n \u0130l M\u00fcft\u00fcl\u00fc\u011f\u00fc ile Efeler \u0130l\u00e7e M\u00fcft\u00fcl\u00fc\u011f\u00fc T\u00fcrkiye Diyanet Vakf\u0131 \u015eubesi taraf\u0131ndan y\u00fcr\u00fct\u00fclen Kur\u2019an kursu in\u015faat\u0131na destek amac\u0131yla yetkililere teslim etti. Yap\u0131lan ba\u011f\u0131\u015f\u0131n miktar\u0131ndan \u00e7ok ta\u015f\u0131d\u0131\u011f\u0131 anlam\u0131n \u00f6nemli oldu\u011funu belirten Ayd\u0131n \u0130l M\u00fcft\u00fcs\u00fc Hasan G\u00fcne\u015f, bir \u00e7ocu\u011fun kumbaras\u0131nda biriktirdi\u011fi har\u00e7l\u0131\u011f\u0131 Allah yolunda bir hayra ay\u0131rmas\u0131n\u0131n son derece k\u0131ymetli oldu\u011funu ifade etti.<\/p>\n<p>Son olarak Tepecik K\u0131z Haf\u0131zl\u0131k Yat\u0131l\u0131 Kur\u2019an Kursu in\u015faat\u0131n\u0131n devam etti\u011fini hat\u0131rlatan G\u00fcne\u015f, katk\u0131 sunan t\u00fcm hay\u0131rseverlere te\u015fekk\u00fcr ederek yap\u0131lan hay\u0131rlar\u0131n kabul ve bereketli olmas\u0131 temennisinde bulundu.<br \/><\/p>\n","protected":false},"excerpt":{"rendered":"<p>Ayd\u0131n\u2019\u0131n Efeler il\u00e7esinde ilkokul 2\u2019nci s\u0131n\u0131f \u00f6\u011frencisi Alparslan Can, kumbaras\u0131nda biriktirdi\u011fi har\u00e7l\u0131klar\u0131n\u0131 yap\u0131m\u0131 s\u00fcren Tepecik K\u0131z Haf\u0131zl\u0131k Yat\u0131l\u0131 Kur\u2019an Kursu in\u015faat\u0131na ba\u011f\u0131\u015flad\u0131. Efeler Mehmet Akif Ersoy \u0130lkokulu 2. s\u0131n\u0131f \u00f6\u011frencisi Alparslan Can, k\u00fc\u00e7\u00fck ya\u015f\u0131na ra\u011fmen biriktirdi\u011fi har\u00e7l\u0131klar\u0131n\u0131 hayra ay\u0131rd\u0131. Minik \u00f6\u011frenci, kumbaras\u0131nda toplad\u0131\u011f\u0131 paray\u0131 Ayd\u0131n \u0130l M\u00fcft\u00fcl\u00fc\u011f\u00fc ile Efeler \u0130l\u00e7e M\u00fcft\u00fcl\u00fc\u011f\u00fc T\u00fcrkiye Diyanet Vakf\u0131 \u015eubesi&#8230;<\/p>\n","protected":false},"author":1,"featured_media":86856,"comment_status":"open","ping_status":"open","sticky":false,"template":"","format":"standard","meta":{"_crdt_document":"","footnotes":""},"categories":[1],"tags":[],"class_list":["post-86855","post","type-post","status-publish","format-standard","has-post-thumbnail","hentry","category-guncel"],"_links":{"self":[{"href":"https:\/\/www.egemtv.com\/index.php?rest_route=\/wp\/v2\/posts\/86855","targetHints":{"allow":["GET"]}}],"collection":[{"href":"https:\/\/www.egemtv.com\/index.php?rest_route=\/wp\/v2\/posts"}],"about":[{"href":"https:\/\/www.egemtv.com\/index.php?rest_route=\/wp\/v2\/types\/post"}],"author":[{"embeddable":true,"href":"https:\/\/www.egemtv.com\/index.php?rest_route=\/wp\/v2\/users\/1"}],"replies":[{"embeddable":true,"href":"https:\/\/www.egemtv.com\/index.php?rest_route=%2Fwp%2Fv2%2Fcomments&post=86855"}],"version-history":[{"count":1,"href":"https:\/\/www.egemtv.com\/index.php?rest_route=\/wp\/v2\/posts\/86855\/revisions"}],"predecessor-version":[{"id":86857,"href":"https:\/\/www.egemtv.com\/index.php?rest_route=\/wp\/v2\/posts\/86855\/revisions\/86857"}],"wp:featuredmedia":[{"embeddable":true,"href":"https:\/\/www.egemtv.com\/index.php?rest_route=\/wp\/v2\/media\/86856"}],"wp:attachment":[{"href":"https:\/\/www.egemtv.com\/index.php?rest_route=%2Fwp%2Fv2%2Fmedia&parent=86855"}],"wp:term":[{"taxonomy":"category","embeddable":true,"href":"https:\/\/www.egemtv.com\/index.php?rest_route=%2Fwp%2Fv2%2Fcategories&post=86855"},{"taxonomy":"post_tag","embeddable":true,"href":"https:\/\/www.egemtv.com\/index.php?rest_route=%2Fwp%2Fv2%2Ftags&post=86855"}],"curies":[{"name":"wp","href":"https:\/\/api.w.org\/{rel}","templated":true}]}}