{"id":86849,"date":"2026-02-11T09:15:36","date_gmt":"2026-02-11T06:15:36","guid":{"rendered":"https:\/\/www.egemtv.com\/?p=86849"},"modified":"2026-02-11T09:15:37","modified_gmt":"2026-02-11T06:15:37","slug":"germencikte-camiler-ramazana-hazirlaniyor","status":"publish","type":"post","link":"https:\/\/www.egemtv.com\/?p=86849","title":{"rendered":"Germencik\u2019te camiler Ramazan\u2019a haz\u0131rlan\u0131yor"},"content":{"rendered":"<p>Germencik Belediyesi, m\u00fcbarek Ramazan ay\u0131 \u00f6ncesinde il\u00e7ede bulunan camilerde temizlik \u00e7al\u0131\u015fmalar\u0131n\u0131 s\u00fcrd\u00fcr\u00fcyor.<\/p>\n<p>Vatanda\u015flar\u0131n ibadetlerini daha sa\u011fl\u0131kl\u0131 ve hijyenik bir ortamda yerine getirebilmesi amac\u0131yla y\u00fcr\u00fct\u00fclen \u00e7al\u0131\u015fmalar kapsam\u0131nda camiler belediye ekipleri taraf\u0131ndan titizlikle temizleniyor. Germencik Belediye Ba\u015fkan\u0131 Burak Zencirci, Ramazan ay\u0131n\u0131n manevi atmosferine uygun \u015fekilde haz\u0131rl\u0131klar\u0131n devam etti\u011fini belirterek il\u00e7e genelindeki camilerde detayl\u0131 temizlik \u00e7al\u0131\u015fmalar\u0131 yap\u0131ld\u0131\u011f\u0131n\u0131 ifade etti. Zencirci, vatanda\u015flar\u0131n ibadetlerini g\u00f6n\u00fcl rahatl\u0131\u011f\u0131yla ger\u00e7ekle\u015ftirebilmeleri i\u00e7in belediye olarak gerekli hassasiyeti g\u00f6sterdiklerini vurgulad\u0131.<\/p>\n<p>Belediye ekiplerinin Ramazan ay\u0131 boyunca da temizlik ve bak\u0131m \u00e7al\u0131\u015fmalar\u0131n\u0131 s\u00fcrd\u00fcrece\u011fi \u00f6\u011frenildi.<br \/><\/p>\n","protected":false},"excerpt":{"rendered":"<p>Germencik Belediyesi, m\u00fcbarek Ramazan ay\u0131 \u00f6ncesinde il\u00e7ede bulunan camilerde temizlik \u00e7al\u0131\u015fmalar\u0131n\u0131 s\u00fcrd\u00fcr\u00fcyor. Vatanda\u015flar\u0131n ibadetlerini daha sa\u011fl\u0131kl\u0131 ve hijyenik bir ortamda yerine getirebilmesi amac\u0131yla y\u00fcr\u00fct\u00fclen \u00e7al\u0131\u015fmalar kapsam\u0131nda camiler belediye ekipleri taraf\u0131ndan titizlikle temizleniyor. Germencik Belediye Ba\u015fkan\u0131 Burak Zencirci, Ramazan ay\u0131n\u0131n manevi atmosferine uygun \u015fekilde haz\u0131rl\u0131klar\u0131n devam etti\u011fini belirterek il\u00e7e genelindeki camilerde detayl\u0131 temizlik \u00e7al\u0131\u015fmalar\u0131 yap\u0131ld\u0131\u011f\u0131n\u0131 ifade&#8230;<\/p>\n","protected":false},"author":1,"featured_media":86850,"comment_status":"open","ping_status":"open","sticky":false,"template":"","format":"standard","meta":{"_crdt_document":"","footnotes":""},"categories":[1],"tags":[],"class_list":["post-86849","post","type-post","status-publish","format-standard","has-post-thumbnail","hentry","category-guncel"],"_links":{"self":[{"href":"https:\/\/www.egemtv.com\/index.php?rest_route=\/wp\/v2\/posts\/86849","targetHints":{"allow":["GET"]}}],"collection":[{"href":"https:\/\/www.egemtv.com\/index.php?rest_route=\/wp\/v2\/posts"}],"about":[{"href":"https:\/\/www.egemtv.com\/index.php?rest_route=\/wp\/v2\/types\/post"}],"author":[{"embeddable":true,"href":"https:\/\/www.egemtv.com\/index.php?rest_route=\/wp\/v2\/users\/1"}],"replies":[{"embeddable":true,"href":"https:\/\/www.egemtv.com\/index.php?rest_route=%2Fwp%2Fv2%2Fcomments&post=86849"}],"version-history":[{"count":1,"href":"https:\/\/www.egemtv.com\/index.php?rest_route=\/wp\/v2\/posts\/86849\/revisions"}],"predecessor-version":[{"id":86851,"href":"https:\/\/www.egemtv.com\/index.php?rest_route=\/wp\/v2\/posts\/86849\/revisions\/86851"}],"wp:featuredmedia":[{"embeddable":true,"href":"https:\/\/www.egemtv.com\/index.php?rest_route=\/wp\/v2\/media\/86850"}],"wp:attachment":[{"href":"https:\/\/www.egemtv.com\/index.php?rest_route=%2Fwp%2Fv2%2Fmedia&parent=86849"}],"wp:term":[{"taxonomy":"category","embeddable":true,"href":"https:\/\/www.egemtv.com\/index.php?rest_route=%2Fwp%2Fv2%2Fcategories&post=86849"},{"taxonomy":"post_tag","embeddable":true,"href":"https:\/\/www.egemtv.com\/index.php?rest_route=%2Fwp%2Fv2%2Ftags&post=86849"}],"curies":[{"name":"wp","href":"https:\/\/api.w.org\/{rel}","templated":true}]}}