{"id":86846,"date":"2026-02-11T09:15:35","date_gmt":"2026-02-11T06:15:35","guid":{"rendered":"https:\/\/www.egemtv.com\/?p=86846"},"modified":"2026-02-11T09:15:36","modified_gmt":"2026-02-11T06:15:36","slug":"aydinda-en-fazla-izmirliler-oturuyor-2","status":"publish","type":"post","link":"https:\/\/www.egemtv.com\/?p=86846","title":{"rendered":"Ayd\u0131n\u2019da en fazla \u0130zmirliler oturuyor"},"content":{"rendered":"<p>Ayd\u0131n\u2019da di\u011fer illerin n\u00fcfusuna kay\u0131tl\u0131 ikamet edenlerin say\u0131s\u0131 belli olurken, il genelinde 28 bin 375 ki\u015fi ile en fazla \u0130zmirliler ikamet ediyor.<br \/>\n<br \/>T\u00fcrkiye \u0130statistik Kurumu (T\u00dc\u0130K) 2025 y\u0131l\u0131, Adrese Dayal\u0131 N\u00fcfus Kay\u0131t Sistemi Sonu\u00e7lar\u0131\u2019n\u0131 yay\u0131mlad\u0131. Yay\u0131nlanan verilere g\u00f6re 687 bin 109 Ayd\u0131nl\u0131n\u0131n ya\u015fad\u0131\u011f\u0131 Ayd\u0131n\u2019da en fazla \u0130zmirli vatanda\u015flar oturuyor. Di\u011fer illerin n\u00fcfusuna kay\u0131tl\u0131 ikamet edenlerin say\u0131lar\u0131na bak\u0131ld\u0131\u011f\u0131nda il genelinde 28 bin 375 ki\u015fi ile \u0130zmirli, 26 bin 484 ki\u015fi ile A\u011fr\u0131l\u0131, 23 bin 989 ki\u015fi ile Denizlililer ya\u015f\u0131yor. En az ikamet say\u0131lar\u0131na bak\u0131ld\u0131\u011f\u0131nda ise 293 ki\u015fi ile Yaloval\u0131, 492 ki\u015fi ile Hakkarili ve 613 ki\u015fi ile Bart\u0131nl\u0131 vatanda\u015flar Ayd\u0131n\u2019da ya\u015f\u0131yor.<br \/>\n<br \/>Ayd\u0131n n\u00fcfusuna kay\u0131tl\u0131 olup ba\u015fka illerde ikamet eden n\u00fcfus incelendi\u011finde ise en \u00e7ok Ayd\u0131nl\u0131n\u0131n ya\u015fad\u0131\u011f\u0131 il 94 bin 226 ki\u015fi ile \u0130zmir oldu. \u0130zmir\u2019i s\u0131ras\u0131yla 31 bin 820 ki\u015fi ile \u0130stanbul, 31 bin 342 ki\u015fi ile Mu\u011fla izledi. Ayd\u0131nl\u0131lar\u0131n en az bulundu\u011fu iller ise s\u0131ras\u0131yla 73 ki\u015fi ile Ardahan, 85 ki\u015fi ile Kilis ve 87 ki\u015fi ile Bayburt oldu.<br \/><\/p>\n","protected":false},"excerpt":{"rendered":"<p>Ayd\u0131n\u2019da di\u011fer illerin n\u00fcfusuna kay\u0131tl\u0131 ikamet edenlerin say\u0131s\u0131 belli olurken, il genelinde 28 bin 375 ki\u015fi ile en fazla \u0130zmirliler ikamet ediyor. T\u00fcrkiye \u0130statistik Kurumu (T\u00dc\u0130K) 2025 y\u0131l\u0131, Adrese Dayal\u0131 N\u00fcfus Kay\u0131t Sistemi Sonu\u00e7lar\u0131\u2019n\u0131 yay\u0131mlad\u0131. Yay\u0131nlanan verilere g\u00f6re 687 bin 109 Ayd\u0131nl\u0131n\u0131n ya\u015fad\u0131\u011f\u0131 Ayd\u0131n\u2019da en fazla \u0130zmirli vatanda\u015flar oturuyor. Di\u011fer illerin n\u00fcfusuna kay\u0131tl\u0131 ikamet edenlerin&#8230;<\/p>\n","protected":false},"author":1,"featured_media":86847,"comment_status":"open","ping_status":"open","sticky":false,"template":"","format":"standard","meta":{"_crdt_document":"","footnotes":""},"categories":[1],"tags":[],"class_list":["post-86846","post","type-post","status-publish","format-standard","has-post-thumbnail","hentry","category-guncel"],"_links":{"self":[{"href":"https:\/\/www.egemtv.com\/index.php?rest_route=\/wp\/v2\/posts\/86846","targetHints":{"allow":["GET"]}}],"collection":[{"href":"https:\/\/www.egemtv.com\/index.php?rest_route=\/wp\/v2\/posts"}],"about":[{"href":"https:\/\/www.egemtv.com\/index.php?rest_route=\/wp\/v2\/types\/post"}],"author":[{"embeddable":true,"href":"https:\/\/www.egemtv.com\/index.php?rest_route=\/wp\/v2\/users\/1"}],"replies":[{"embeddable":true,"href":"https:\/\/www.egemtv.com\/index.php?rest_route=%2Fwp%2Fv2%2Fcomments&post=86846"}],"version-history":[{"count":1,"href":"https:\/\/www.egemtv.com\/index.php?rest_route=\/wp\/v2\/posts\/86846\/revisions"}],"predecessor-version":[{"id":86848,"href":"https:\/\/www.egemtv.com\/index.php?rest_route=\/wp\/v2\/posts\/86846\/revisions\/86848"}],"wp:featuredmedia":[{"embeddable":true,"href":"https:\/\/www.egemtv.com\/index.php?rest_route=\/wp\/v2\/media\/86847"}],"wp:attachment":[{"href":"https:\/\/www.egemtv.com\/index.php?rest_route=%2Fwp%2Fv2%2Fmedia&parent=86846"}],"wp:term":[{"taxonomy":"category","embeddable":true,"href":"https:\/\/www.egemtv.com\/index.php?rest_route=%2Fwp%2Fv2%2Fcategories&post=86846"},{"taxonomy":"post_tag","embeddable":true,"href":"https:\/\/www.egemtv.com\/index.php?rest_route=%2Fwp%2Fv2%2Ftags&post=86846"}],"curies":[{"name":"wp","href":"https:\/\/api.w.org\/{rel}","templated":true}]}}