{"id":86843,"date":"2026-02-11T01:14:29","date_gmt":"2026-02-10T22:14:29","guid":{"rendered":"https:\/\/www.egemtv.com\/?p=86843"},"modified":"2026-02-11T01:14:30","modified_gmt":"2026-02-10T22:14:30","slug":"turgutluda-otomobil-tirin-altina-ok-gibi-saplandi-o-anlar-kamerada","status":"publish","type":"post","link":"https:\/\/www.egemtv.com\/?p=86843","title":{"rendered":"Turgutlu\u2019da otomobil t\u0131r\u0131n alt\u0131na ok gibi sapland\u0131. O anlar kamerada"},"content":{"rendered":"<p>Manisa\u2019n\u0131n Turgutlu il\u00e7esinde akaryak\u0131t istasyonundan ana yola \u00e7\u0131k\u0131\u015f yapan t\u0131ra otomobil \u00e7arpt\u0131. Kaza an\u0131 g\u00fcvenlik kameras\u0131na saniye saniye yans\u0131d\u0131.<br \/>\n<br \/>Kaza, d\u00fcn sabah saatlerinde Turgutlu il\u00e7esi Atat\u00fcrk Mahallesi Eski Manisa Yolu \u00fczerinde meydana geldi. Edinilen bilgiye g\u00f6re, cadde \u00fczerindeki bir akaryak\u0131t istasyonundan \u00e7\u0131k\u0131\u015f yaparak kar\u015f\u0131 \u015feride ge\u00e7mek isteyen t\u0131r ile o s\u0131rada yol \u00fczerinde seyir halinde olan otomobil \u00e7arp\u0131\u015ft\u0131. T\u0131r\u0131n dorsesinin alt\u0131na giren otomobil hurdaya d\u00f6nd\u00fc. Otomobilin s\u00fcr\u00fcc\u00fcs\u00fc kazay\u0131 yara almadan atlat\u0131rken, ara\u00e7 i\u00e7erisinde yolcu konumunda bulunan bir ki\u015fi yaraland\u0131. Kazay\u0131 g\u00f6ren \u00e7evredeki vatanda\u015flar durumu hemen 112 Acil \u00c7a\u011fr\u0131 Merkezi\u2019ne bildirdi. \u0130hbar \u00fczerine olay yerine sa\u011fl\u0131k ve polis ekipleri sevk edildi. Yaral\u0131 yolcu, olay yerinde yap\u0131lan ilk m\u00fcdahalesinin ard\u0131ndan ambulansla hastaneye kald\u0131r\u0131larak tedavi alt\u0131na al\u0131nd\u0131.<br \/>\n<br \/>\u00d6te yandan, kaza an\u0131 akaryak\u0131t istasyonunun g\u00fcvenlik kameralar\u0131 taraf\u0131ndan anbean kaydedildi. G\u00f6r\u00fcnt\u00fclerde t\u0131r\u0131n manevra yapt\u0131\u011f\u0131 s\u0131rada otomobilin duramayarak dorsenin alt\u0131na girdi\u011fi g\u00f6r\u00fcl\u00fcyor.<br \/><\/p>\n","protected":false},"excerpt":{"rendered":"<p>Manisa\u2019n\u0131n Turgutlu il\u00e7esinde akaryak\u0131t istasyonundan ana yola \u00e7\u0131k\u0131\u015f yapan t\u0131ra otomobil \u00e7arpt\u0131. Kaza an\u0131 g\u00fcvenlik kameras\u0131na saniye saniye yans\u0131d\u0131. Kaza, d\u00fcn sabah saatlerinde Turgutlu il\u00e7esi Atat\u00fcrk Mahallesi Eski Manisa Yolu \u00fczerinde meydana geldi. Edinilen bilgiye g\u00f6re, cadde \u00fczerindeki bir akaryak\u0131t istasyonundan \u00e7\u0131k\u0131\u015f yaparak kar\u015f\u0131 \u015feride ge\u00e7mek isteyen t\u0131r ile o s\u0131rada yol \u00fczerinde seyir halinde&#8230;<\/p>\n","protected":false},"author":1,"featured_media":86844,"comment_status":"open","ping_status":"open","sticky":false,"template":"","format":"standard","meta":{"_crdt_document":"","footnotes":""},"categories":[5],"tags":[],"class_list":["post-86843","post","type-post","status-publish","format-standard","has-post-thumbnail","hentry","category-asayis"],"_links":{"self":[{"href":"https:\/\/www.egemtv.com\/index.php?rest_route=\/wp\/v2\/posts\/86843","targetHints":{"allow":["GET"]}}],"collection":[{"href":"https:\/\/www.egemtv.com\/index.php?rest_route=\/wp\/v2\/posts"}],"about":[{"href":"https:\/\/www.egemtv.com\/index.php?rest_route=\/wp\/v2\/types\/post"}],"author":[{"embeddable":true,"href":"https:\/\/www.egemtv.com\/index.php?rest_route=\/wp\/v2\/users\/1"}],"replies":[{"embeddable":true,"href":"https:\/\/www.egemtv.com\/index.php?rest_route=%2Fwp%2Fv2%2Fcomments&post=86843"}],"version-history":[{"count":1,"href":"https:\/\/www.egemtv.com\/index.php?rest_route=\/wp\/v2\/posts\/86843\/revisions"}],"predecessor-version":[{"id":86845,"href":"https:\/\/www.egemtv.com\/index.php?rest_route=\/wp\/v2\/posts\/86843\/revisions\/86845"}],"wp:featuredmedia":[{"embeddable":true,"href":"https:\/\/www.egemtv.com\/index.php?rest_route=\/wp\/v2\/media\/86844"}],"wp:attachment":[{"href":"https:\/\/www.egemtv.com\/index.php?rest_route=%2Fwp%2Fv2%2Fmedia&parent=86843"}],"wp:term":[{"taxonomy":"category","embeddable":true,"href":"https:\/\/www.egemtv.com\/index.php?rest_route=%2Fwp%2Fv2%2Fcategories&post=86843"},{"taxonomy":"post_tag","embeddable":true,"href":"https:\/\/www.egemtv.com\/index.php?rest_route=%2Fwp%2Fv2%2Ftags&post=86843"}],"curies":[{"name":"wp","href":"https:\/\/api.w.org\/{rel}","templated":true}]}}