{"id":86840,"date":"2026-02-10T23:54:49","date_gmt":"2026-02-10T20:54:49","guid":{"rendered":"https:\/\/www.egemtv.com\/?p=86840"},"modified":"2026-02-10T23:54:50","modified_gmt":"2026-02-10T20:54:50","slug":"aydinda-asiri-surat-olum-getirdi","status":"publish","type":"post","link":"https:\/\/www.egemtv.com\/?p=86840","title":{"rendered":"Ayd\u0131n\u2019da a\u015f\u0131r\u0131 s\u00fcrat \u00f6l\u00fcm getirdi"},"content":{"rendered":"<p>Ayd\u0131n\u2019\u0131n Ku\u015fadas\u0131 il\u00e7esinde a\u015f\u0131r\u0131 h\u0131zl\u0131 oldu\u011fu iddia edilen motosikletin kamyona \u00e7arpmas\u0131 sonucu meydana gelen kazada motosiklet s\u00fcr\u00fcc\u00fcs\u00fc hayat\u0131n\u0131 kaybetti.<br \/>\n<br \/>Kaza, Ku\u015fadas\u0131 il\u00e7esi S\u00fcleyman Demirel Bulvar\u0131 \u00fczerinde saat 22.00 s\u0131ralar\u0131nda meydana geldi. Edinilen bilgiye g\u00f6re, yar\u0131\u015f halinde olduklar\u0131 iddia edilen motosiklet s\u00fcr\u00fcc\u00fclerinden biri, yolun sol \u015feridinde ikaz lambalar\u0131 a\u00e7\u0131k \u015fekilde yol temizli\u011fi yapan 34 DOY 602 plakal\u0131 kamyona \u00e7arpt\u0131. \u00c7arpman\u0131n \u015fiddetiyle motosiklet s\u00fcr\u00fcc\u00fcs\u00fc olay yerinde hayat\u0131n\u0131 kaybederken, ihbar \u00fczerine b\u00f6lgeye polis ve sa\u011fl\u0131k ekipleri sevk edildi. K\u0131sa s\u00fcrede olay yerine gelen ekipler, b\u00f6lgede g\u00fcvenlik \u00f6nlemi al\u0131rken, hayat\u0131n\u0131 kaybeden s\u00fcr\u00fcc\u00fcn\u00fcn Tolga\u011fan \u00c7ulhan oldu\u011fu \u00f6\u011frenildi. Kaza ile ilgili soru\u015fturma ba\u015flat\u0131ld\u0131.<br \/><\/p>\n","protected":false},"excerpt":{"rendered":"<p>Ayd\u0131n\u2019\u0131n Ku\u015fadas\u0131 il\u00e7esinde a\u015f\u0131r\u0131 h\u0131zl\u0131 oldu\u011fu iddia edilen motosikletin kamyona \u00e7arpmas\u0131 sonucu meydana gelen kazada motosiklet s\u00fcr\u00fcc\u00fcs\u00fc hayat\u0131n\u0131 kaybetti. Kaza, Ku\u015fadas\u0131 il\u00e7esi S\u00fcleyman Demirel Bulvar\u0131 \u00fczerinde saat 22.00 s\u0131ralar\u0131nda meydana geldi. Edinilen bilgiye g\u00f6re, yar\u0131\u015f halinde olduklar\u0131 iddia edilen motosiklet s\u00fcr\u00fcc\u00fclerinden biri, yolun sol \u015feridinde ikaz lambalar\u0131 a\u00e7\u0131k \u015fekilde yol temizli\u011fi yapan 34 DOY 602&#8230;<\/p>\n","protected":false},"author":1,"featured_media":86841,"comment_status":"open","ping_status":"open","sticky":false,"template":"","format":"standard","meta":{"_crdt_document":"","footnotes":""},"categories":[5],"tags":[],"class_list":["post-86840","post","type-post","status-publish","format-standard","has-post-thumbnail","hentry","category-asayis"],"_links":{"self":[{"href":"https:\/\/www.egemtv.com\/index.php?rest_route=\/wp\/v2\/posts\/86840","targetHints":{"allow":["GET"]}}],"collection":[{"href":"https:\/\/www.egemtv.com\/index.php?rest_route=\/wp\/v2\/posts"}],"about":[{"href":"https:\/\/www.egemtv.com\/index.php?rest_route=\/wp\/v2\/types\/post"}],"author":[{"embeddable":true,"href":"https:\/\/www.egemtv.com\/index.php?rest_route=\/wp\/v2\/users\/1"}],"replies":[{"embeddable":true,"href":"https:\/\/www.egemtv.com\/index.php?rest_route=%2Fwp%2Fv2%2Fcomments&post=86840"}],"version-history":[{"count":1,"href":"https:\/\/www.egemtv.com\/index.php?rest_route=\/wp\/v2\/posts\/86840\/revisions"}],"predecessor-version":[{"id":86842,"href":"https:\/\/www.egemtv.com\/index.php?rest_route=\/wp\/v2\/posts\/86840\/revisions\/86842"}],"wp:featuredmedia":[{"embeddable":true,"href":"https:\/\/www.egemtv.com\/index.php?rest_route=\/wp\/v2\/media\/86841"}],"wp:attachment":[{"href":"https:\/\/www.egemtv.com\/index.php?rest_route=%2Fwp%2Fv2%2Fmedia&parent=86840"}],"wp:term":[{"taxonomy":"category","embeddable":true,"href":"https:\/\/www.egemtv.com\/index.php?rest_route=%2Fwp%2Fv2%2Fcategories&post=86840"},{"taxonomy":"post_tag","embeddable":true,"href":"https:\/\/www.egemtv.com\/index.php?rest_route=%2Fwp%2Fv2%2Ftags&post=86840"}],"curies":[{"name":"wp","href":"https:\/\/api.w.org\/{rel}","templated":true}]}}