{"id":86837,"date":"2026-02-10T22:14:29","date_gmt":"2026-02-10T19:14:29","guid":{"rendered":"https:\/\/www.egemtv.com\/?p=86837"},"modified":"2026-02-10T22:14:30","modified_gmt":"2026-02-10T19:14:30","slug":"izmirde-suc-orgutu-uyesi-yakalandi","status":"publish","type":"post","link":"https:\/\/www.egemtv.com\/?p=86837","title":{"rendered":"\u0130zmir\u2019de su\u00e7 \u00f6rg\u00fct\u00fc \u00fcyesi yakaland\u0131"},"content":{"rendered":"<p>\u0130zmir\u2019de polis ekiplerinin organize su\u00e7 \u00f6rg\u00fctlerine y\u00f6nelik d\u00fczenledi\u011fi operasyonda, hakk\u0131nda kesinle\u015fmi\u015f hapis cezas\u0131 bulunan bir \u015f\u00fcpheli yakaland\u0131, \u015fahs\u0131n sakland\u0131\u011f\u0131 adreste otomatik silah ele ge\u00e7irildi.<br \/>\n<br \/>\u0130l Emniyet M\u00fcd\u00fcrl\u00fc\u011f\u00fc ekipleri, organize su\u00e7 \u00f6rg\u00fctlerinin faaliyetlerinin de\u015fifre edilmesine y\u00f6nelik \u00e7al\u0131\u015fmalar\u0131n\u0131 s\u00fcrd\u00fcr\u00fcyor. Y\u00fcr\u00fct\u00fclen teknik ve fiziki takipler sonucunda, kamuoyunda &#8220;Serdenge\u00e7tiler&#8221; olarak bilinen gruba mensup oldu\u011fu belirlenen Z.M.\u2019nin izine ula\u015f\u0131ld\u0131. \u015e\u00fcphelinin \u00c7e\u015fme il\u00e7esinde bir villada sakland\u0131\u011f\u0131n\u0131 tespit eden ekipler, d\u00fczenledikleri operasyonla Z.M.\u2019yi yakalayarak g\u00f6zalt\u0131na ald\u0131. Yakalanan Z.M.\u2019nin yap\u0131lan GBT sorgusunda yol kesmek suretiyle silahla birden fazla ki\u015fi ile ya\u011fma, gece vakti ya\u011fma, kasten yaralama, adet gere\u011fi a\u00e7\u0131kta b\u0131rak\u0131lm\u0131\u015f e\u015fya hakk\u0131nda h\u0131rs\u0131zl\u0131k, h\u00fck\u00fcml\u00fc veya tutuklunun ka\u00e7mas\u0131 ile say\u0131 ve nitelik bak\u0131m\u0131ndan vahim olan silah veya mermileri sat\u0131n alma, ta\u015f\u0131ma ve bulundurma su\u00e7lar\u0131ndan arand\u0131\u011f\u0131 belirlendi. Z.M.\u2019nin bu su\u00e7lardan hakk\u0131nda 14 y\u0131l 22 g\u00fcn kesinle\u015fmi\u015f hapis cezas\u0131 bulundu\u011fu \u00f6\u011frenildi. \u015e\u00fcphelinin sakland\u0131\u011f\u0131 villada yap\u0131lan aramalarda ise 1 adet Uzi olarak tabir edilen otomatik silah, 1 adet 7.65 mm \u00e7ap\u0131nda tabanca ve bu silahlara ait fi\u015fekler ele ge\u00e7irildi. G\u00f6zalt\u0131na al\u0131nan Z.M.\u2019nin emniyetteki i\u015flemlerinin s\u00fcrd\u00fc\u011f\u00fc bildirildi.<br \/><\/p>\n","protected":false},"excerpt":{"rendered":"<p>\u0130zmir\u2019de polis ekiplerinin organize su\u00e7 \u00f6rg\u00fctlerine y\u00f6nelik d\u00fczenledi\u011fi operasyonda, hakk\u0131nda kesinle\u015fmi\u015f hapis cezas\u0131 bulunan bir \u015f\u00fcpheli yakaland\u0131, \u015fahs\u0131n sakland\u0131\u011f\u0131 adreste otomatik silah ele ge\u00e7irildi. \u0130l Emniyet M\u00fcd\u00fcrl\u00fc\u011f\u00fc ekipleri, organize su\u00e7 \u00f6rg\u00fctlerinin faaliyetlerinin de\u015fifre edilmesine y\u00f6nelik \u00e7al\u0131\u015fmalar\u0131n\u0131 s\u00fcrd\u00fcr\u00fcyor. Y\u00fcr\u00fct\u00fclen teknik ve fiziki takipler sonucunda, kamuoyunda &#8220;Serdenge\u00e7tiler&#8221; olarak bilinen gruba mensup oldu\u011fu belirlenen Z.M.\u2019nin izine ula\u015f\u0131ld\u0131. \u015e\u00fcphelinin&#8230;<\/p>\n","protected":false},"author":1,"featured_media":86838,"comment_status":"open","ping_status":"open","sticky":false,"template":"","format":"standard","meta":{"_crdt_document":"","footnotes":""},"categories":[5],"tags":[],"class_list":["post-86837","post","type-post","status-publish","format-standard","has-post-thumbnail","hentry","category-asayis"],"_links":{"self":[{"href":"https:\/\/www.egemtv.com\/index.php?rest_route=\/wp\/v2\/posts\/86837","targetHints":{"allow":["GET"]}}],"collection":[{"href":"https:\/\/www.egemtv.com\/index.php?rest_route=\/wp\/v2\/posts"}],"about":[{"href":"https:\/\/www.egemtv.com\/index.php?rest_route=\/wp\/v2\/types\/post"}],"author":[{"embeddable":true,"href":"https:\/\/www.egemtv.com\/index.php?rest_route=\/wp\/v2\/users\/1"}],"replies":[{"embeddable":true,"href":"https:\/\/www.egemtv.com\/index.php?rest_route=%2Fwp%2Fv2%2Fcomments&post=86837"}],"version-history":[{"count":1,"href":"https:\/\/www.egemtv.com\/index.php?rest_route=\/wp\/v2\/posts\/86837\/revisions"}],"predecessor-version":[{"id":86839,"href":"https:\/\/www.egemtv.com\/index.php?rest_route=\/wp\/v2\/posts\/86837\/revisions\/86839"}],"wp:featuredmedia":[{"embeddable":true,"href":"https:\/\/www.egemtv.com\/index.php?rest_route=\/wp\/v2\/media\/86838"}],"wp:attachment":[{"href":"https:\/\/www.egemtv.com\/index.php?rest_route=%2Fwp%2Fv2%2Fmedia&parent=86837"}],"wp:term":[{"taxonomy":"category","embeddable":true,"href":"https:\/\/www.egemtv.com\/index.php?rest_route=%2Fwp%2Fv2%2Fcategories&post=86837"},{"taxonomy":"post_tag","embeddable":true,"href":"https:\/\/www.egemtv.com\/index.php?rest_route=%2Fwp%2Fv2%2Ftags&post=86837"}],"curies":[{"name":"wp","href":"https:\/\/api.w.org\/{rel}","templated":true}]}}