{"id":86834,"date":"2026-02-10T21:54:33","date_gmt":"2026-02-10T18:54:33","guid":{"rendered":"https:\/\/www.egemtv.com\/?p=86834"},"modified":"2026-02-10T21:54:35","modified_gmt":"2026-02-10T18:54:35","slug":"aydinda-hastane-onundeki-supheli-valizden-giyecek-cikti","status":"publish","type":"post","link":"https:\/\/www.egemtv.com\/?p=86834","title":{"rendered":"Ayd\u0131n\u2019da hastane \u00f6n\u00fcndeki \u015f\u00fcpheli valizden giyecek \u00e7\u0131kt\u0131"},"content":{"rendered":"<p>Ayd\u0131n\u2019\u0131n Efeler il\u00e7esinde hastanenin acil servisi \u00f6n\u00fcndeki \u015f\u00fcpheli valiz ekipleri alarma ge\u00e7irdi. Uzaktan kontroll\u00fc \u015fekilde m\u00fcdahale edilen valiz i\u00e7erisinden giyecek ve hasta bezi gibi malzemeler \u00e7\u0131karken vatanda\u015flar rahat bir nefes ald\u0131.<br \/>\n<br \/>Olay, Hasan Efendi Mahallesi\u2019ndeki Ayd\u0131n Devlet Hastanesi Acil Servisi \u00f6n\u00fcnde saat 20.00 s\u0131ralar\u0131nda meydana geldi. Edinilen bilgiye g\u00f6re, ara\u00e7 yolu \u00fczerindeki sahipsiz valizin uzun s\u00fcre bulundu\u011fu yerden al\u0131nmamas\u0131ndan \u015f\u00fcphelenen vatanda\u015flar durumu 112 Acil \u00c7a\u011fr\u0131 Merkezi\u2019ne bildirdi. \u0130hbar \u00fczerine b\u00f6lgeye polis ekipleri sevk edildi. K\u0131sa s\u00fcrede olay yerine gelen polis ekipleri valizin \u00e7evresini \u015feritlere \u00e7evreleyip vatanda\u015flar\u0131 b\u00f6lgeden uzakla\u015ft\u0131rarak gerekli g\u00fcvenli\u011fini sa\u011flad\u0131. Trafi\u011fe kapat\u0131lan b\u00f6lgede vatanda\u015flar ekiplerin \u00e7al\u0131\u015fmalar\u0131n\u0131 korku dolu g\u00f6zlerle izledi. Bomba imha ekipleri de koruyucu ekipmanlar\u0131n\u0131 giyerek valize f\u00fcnye yerle\u015ftirdi. F\u00fcnye ile uzaktan m\u00fcdahale edilerek patlat\u0131lan valiz i\u00e7erisinden giyecek ve hastane bezi gibi malzemeler \u00e7\u0131kt\u0131. Hastane \u00f6n\u00fcndeki gergin bekleyi\u015f yerini rahatlamaya b\u0131rak\u0131rken, ara\u00e7 ve yaya trafi\u011fi de normale d\u00f6nd\u00fc.<br \/>\n<br \/>Olayla ilgili soru\u015fturma s\u00fcr\u00fcyor.<br \/><\/p>\n","protected":false},"excerpt":{"rendered":"<p>Ayd\u0131n\u2019\u0131n Efeler il\u00e7esinde hastanenin acil servisi \u00f6n\u00fcndeki \u015f\u00fcpheli valiz ekipleri alarma ge\u00e7irdi. Uzaktan kontroll\u00fc \u015fekilde m\u00fcdahale edilen valiz i\u00e7erisinden giyecek ve hasta bezi gibi malzemeler \u00e7\u0131karken vatanda\u015flar rahat bir nefes ald\u0131. Olay, Hasan Efendi Mahallesi\u2019ndeki Ayd\u0131n Devlet Hastanesi Acil Servisi \u00f6n\u00fcnde saat 20.00 s\u0131ralar\u0131nda meydana geldi. Edinilen bilgiye g\u00f6re, ara\u00e7 yolu \u00fczerindeki sahipsiz valizin uzun&#8230;<\/p>\n","protected":false},"author":1,"featured_media":86835,"comment_status":"open","ping_status":"open","sticky":false,"template":"","format":"standard","meta":{"_crdt_document":"","footnotes":""},"categories":[5],"tags":[],"class_list":["post-86834","post","type-post","status-publish","format-standard","has-post-thumbnail","hentry","category-asayis"],"_links":{"self":[{"href":"https:\/\/www.egemtv.com\/index.php?rest_route=\/wp\/v2\/posts\/86834","targetHints":{"allow":["GET"]}}],"collection":[{"href":"https:\/\/www.egemtv.com\/index.php?rest_route=\/wp\/v2\/posts"}],"about":[{"href":"https:\/\/www.egemtv.com\/index.php?rest_route=\/wp\/v2\/types\/post"}],"author":[{"embeddable":true,"href":"https:\/\/www.egemtv.com\/index.php?rest_route=\/wp\/v2\/users\/1"}],"replies":[{"embeddable":true,"href":"https:\/\/www.egemtv.com\/index.php?rest_route=%2Fwp%2Fv2%2Fcomments&post=86834"}],"version-history":[{"count":1,"href":"https:\/\/www.egemtv.com\/index.php?rest_route=\/wp\/v2\/posts\/86834\/revisions"}],"predecessor-version":[{"id":86836,"href":"https:\/\/www.egemtv.com\/index.php?rest_route=\/wp\/v2\/posts\/86834\/revisions\/86836"}],"wp:featuredmedia":[{"embeddable":true,"href":"https:\/\/www.egemtv.com\/index.php?rest_route=\/wp\/v2\/media\/86835"}],"wp:attachment":[{"href":"https:\/\/www.egemtv.com\/index.php?rest_route=%2Fwp%2Fv2%2Fmedia&parent=86834"}],"wp:term":[{"taxonomy":"category","embeddable":true,"href":"https:\/\/www.egemtv.com\/index.php?rest_route=%2Fwp%2Fv2%2Fcategories&post=86834"},{"taxonomy":"post_tag","embeddable":true,"href":"https:\/\/www.egemtv.com\/index.php?rest_route=%2Fwp%2Fv2%2Ftags&post=86834"}],"curies":[{"name":"wp","href":"https:\/\/api.w.org\/{rel}","templated":true}]}}