{"id":86831,"date":"2026-02-10T21:34:44","date_gmt":"2026-02-10T18:34:44","guid":{"rendered":"https:\/\/www.egemtv.com\/?p=86831"},"modified":"2026-02-10T21:34:45","modified_gmt":"2026-02-10T18:34:45","slug":"koycegizli-yuzme-sporcusu-oral-madalyalari-topladi","status":"publish","type":"post","link":"https:\/\/www.egemtv.com\/?p=86831","title":{"rendered":"K\u00f6yce\u011fizli y\u00fczme sporcusu Oral, madalyalar\u0131 toplad\u0131"},"content":{"rendered":"<p>Mu\u011fla\u2019n\u0131n K\u00f6yce\u011fiz il\u00e7esinde \u00f6\u011frenci olan Elif Oral, y\u00fczme m\u00fcsabakalar\u0131nda bir\u00e7ok bran\u015fta derece elde ederek madalyalara ambargo koydu.<\/p>\n<p>5-6 \u015eubat 2026 tarihlerinde Sakarya\u2019da, T\u00fcrkiye \u00d6zel Sporcular Spor Federasyonu taraf\u0131ndan d\u00fczenlenen 2026 Milli Tak\u0131m aday kadro se\u00e7me y\u00fczme m\u00fcsabakalar\u0131nda, 13+ Ya\u015f Down kategorisinde sporcu Elif Oral, 100m Kurba\u011falama-T\u00fcrkiye 2.\u2019si, 50m Serbest-T\u00fcrkiye 2.\u2019si, 50m Kurba\u011falama-T\u00fcrkiye 2.\u2019si, 100m Serbest-T\u00fcrkiye 3.\u2019s\u00fc, 200m Serbest-T\u00fcrkiye \u015eampiyonu, 200m Kurba\u011falama-T\u00fcrkiye \u015eampiyonu olarak b\u00fcy\u00fck bir ba\u015far\u0131ya imza att\u0131. Mu\u011fla Gen\u00e7lik ve Spor \u0130l M\u00fcd\u00fcrl\u00fc\u011f\u00fc taraf\u0131ndan yap\u0131lan a\u00e7\u0131klamada; &#8220;Mu\u011fla Gen\u00e7lik ve Spor Kul\u00fcb\u00fc sporcumuz Elif, yaln\u0131zca madalyalar kazanmad\u0131; azmiyle, inanc\u0131yla ve pes etmeyen ruhuyla &#8220;engel tan\u0131mayan sporun&#8221; en g\u00fc\u00e7l\u00fc \u00f6rne\u011fi oldu. \u00c7\u00fcnk\u00fc ger\u00e7ek \u015fampiyonluk, sadece k\u00fcrs\u00fcye \u00e7\u0131kmak de\u011fil, vazge\u00e7memek, m\u00fccadele etmek, hayallerinin pe\u015finden ko\u015fmakt\u0131r. Sporcumuzu ve eme\u011fi ge\u00e7en antren\u00f6rlerimizi y\u00fcrekten tebrik ediyor, ba\u015far\u0131lar\u0131n\u0131n artarak devam etmesini diliyoruz&#8221; ifadeleri kullan\u0131ld\u0131.<br \/><\/p>\n","protected":false},"excerpt":{"rendered":"<p>Mu\u011fla\u2019n\u0131n K\u00f6yce\u011fiz il\u00e7esinde \u00f6\u011frenci olan Elif Oral, y\u00fczme m\u00fcsabakalar\u0131nda bir\u00e7ok bran\u015fta derece elde ederek madalyalara ambargo koydu. 5-6 \u015eubat 2026 tarihlerinde Sakarya\u2019da, T\u00fcrkiye \u00d6zel Sporcular Spor Federasyonu taraf\u0131ndan d\u00fczenlenen 2026 Milli Tak\u0131m aday kadro se\u00e7me y\u00fczme m\u00fcsabakalar\u0131nda, 13+ Ya\u015f Down kategorisinde sporcu Elif Oral, 100m Kurba\u011falama-T\u00fcrkiye 2.\u2019si, 50m Serbest-T\u00fcrkiye 2.\u2019si, 50m Kurba\u011falama-T\u00fcrkiye 2.\u2019si, 100m Serbest-T\u00fcrkiye&#8230;<\/p>\n","protected":false},"author":1,"featured_media":86832,"comment_status":"open","ping_status":"open","sticky":false,"template":"","format":"standard","meta":{"_crdt_document":"","footnotes":""},"categories":[4],"tags":[],"class_list":["post-86831","post","type-post","status-publish","format-standard","has-post-thumbnail","hentry","category-spor"],"_links":{"self":[{"href":"https:\/\/www.egemtv.com\/index.php?rest_route=\/wp\/v2\/posts\/86831","targetHints":{"allow":["GET"]}}],"collection":[{"href":"https:\/\/www.egemtv.com\/index.php?rest_route=\/wp\/v2\/posts"}],"about":[{"href":"https:\/\/www.egemtv.com\/index.php?rest_route=\/wp\/v2\/types\/post"}],"author":[{"embeddable":true,"href":"https:\/\/www.egemtv.com\/index.php?rest_route=\/wp\/v2\/users\/1"}],"replies":[{"embeddable":true,"href":"https:\/\/www.egemtv.com\/index.php?rest_route=%2Fwp%2Fv2%2Fcomments&post=86831"}],"version-history":[{"count":1,"href":"https:\/\/www.egemtv.com\/index.php?rest_route=\/wp\/v2\/posts\/86831\/revisions"}],"predecessor-version":[{"id":86833,"href":"https:\/\/www.egemtv.com\/index.php?rest_route=\/wp\/v2\/posts\/86831\/revisions\/86833"}],"wp:featuredmedia":[{"embeddable":true,"href":"https:\/\/www.egemtv.com\/index.php?rest_route=\/wp\/v2\/media\/86832"}],"wp:attachment":[{"href":"https:\/\/www.egemtv.com\/index.php?rest_route=%2Fwp%2Fv2%2Fmedia&parent=86831"}],"wp:term":[{"taxonomy":"category","embeddable":true,"href":"https:\/\/www.egemtv.com\/index.php?rest_route=%2Fwp%2Fv2%2Fcategories&post=86831"},{"taxonomy":"post_tag","embeddable":true,"href":"https:\/\/www.egemtv.com\/index.php?rest_route=%2Fwp%2Fv2%2Ftags&post=86831"}],"curies":[{"name":"wp","href":"https:\/\/api.w.org\/{rel}","templated":true}]}}