{"id":86828,"date":"2026-02-10T21:15:19","date_gmt":"2026-02-10T18:15:19","guid":{"rendered":"https:\/\/www.egemtv.com\/?p=86828"},"modified":"2026-02-10T21:15:20","modified_gmt":"2026-02-10T18:15:20","slug":"yolun-karsisina-gecerken-otomobilin-carptigi-kadin-agir-yaralandi-kaza-ani-kamerda","status":"publish","type":"post","link":"https:\/\/www.egemtv.com\/?p=86828","title":{"rendered":"Yolun kar\u015f\u0131s\u0131na ge\u00e7erken otomobilin \u00e7arpt\u0131\u011f\u0131 kad\u0131n a\u011f\u0131r yaraland\u0131: Kaza an\u0131 kamerda"},"content":{"rendered":"<p>Burdur\u2019da yolun kar\u015f\u0131s\u0131na ge\u00e7erken otomobilin \u00e7arpt\u0131\u011f\u0131 kad\u0131n a\u011f\u0131r yaralan\u0131rken, kaza an\u0131 g\u00fcvenlik kameras\u0131na yans\u0131d\u0131.<br \/>\n<br \/>Kaza, saat 18.30 s\u0131ralar\u0131nda B\u00fclent Ecevit Bulvar\u0131 \u00fczerinde meydana geldi. Edinilen bilgiye g\u00f6re, H\u00fcseyin Y. idaresindeki 15 NN 126 plakal\u0131 Fiat Tofa\u015f marka otomobil seyir halindeyken kar\u015f\u0131dan kar\u015f\u0131ya ge\u00e7meye \u00e7al\u0131\u015fan H\u00fcsnanisa A.\u2019ya (24) \u00e7arpt\u0131. \u00c7arpman\u0131n etkisi ile metrelerce s\u00fcr\u00fcklenen kad\u0131n a\u011f\u0131r yaraland\u0131.<br \/>\n<br \/>\u0130hbar \u00fczerine adres sa\u011fl\u0131k ve polis ekipleri sevk edildi. Yaral\u0131 kad\u0131n, sa\u011fl\u0131k ekipleri taraf\u0131ndan yap\u0131lan ilk m\u00fcdahalenin ard\u0131ndan ambulansla Burdur Devlet Hastanesine g\u00f6t\u00fcr\u00fclerek tedavi alt\u0131na al\u0131nd\u0131. Kazaya kar\u0131\u015fan otomobil s\u00fcr\u00fcc\u00fcs\u00fc ifadesi al\u0131nmak \u00fczere polis merkezine g\u00f6t\u00fcr\u00fcld\u00fc. Kaza an\u0131 ise \u00e7evrede bulunan bir i\u015f yerinin g\u00fcvenlik kameras\u0131na saniye saniye yans\u0131d\u0131. G\u00f6r\u00fcnt\u00fclerde; otomobilin \u00e7arpt\u0131\u011f\u0131 yayan\u0131n metrelerce s\u00fcr\u00fcklendi\u011fi anlar yer ald\u0131.<br \/>\n<br \/>Kazayla ilgili soru\u015fturma ba\u015flat\u0131ld\u0131.<br \/><\/p>\n","protected":false},"excerpt":{"rendered":"<p>Burdur\u2019da yolun kar\u015f\u0131s\u0131na ge\u00e7erken otomobilin \u00e7arpt\u0131\u011f\u0131 kad\u0131n a\u011f\u0131r yaralan\u0131rken, kaza an\u0131 g\u00fcvenlik kameras\u0131na yans\u0131d\u0131. Kaza, saat 18.30 s\u0131ralar\u0131nda B\u00fclent Ecevit Bulvar\u0131 \u00fczerinde meydana geldi. Edinilen bilgiye g\u00f6re, H\u00fcseyin Y. idaresindeki 15 NN 126 plakal\u0131 Fiat Tofa\u015f marka otomobil seyir halindeyken kar\u015f\u0131dan kar\u015f\u0131ya ge\u00e7meye \u00e7al\u0131\u015fan H\u00fcsnanisa A.\u2019ya (24) \u00e7arpt\u0131. \u00c7arpman\u0131n etkisi ile metrelerce s\u00fcr\u00fcklenen kad\u0131n a\u011f\u0131r&#8230;<\/p>\n","protected":false},"author":1,"featured_media":86829,"comment_status":"open","ping_status":"open","sticky":false,"template":"","format":"standard","meta":{"_crdt_document":"","footnotes":""},"categories":[5],"tags":[],"class_list":["post-86828","post","type-post","status-publish","format-standard","has-post-thumbnail","hentry","category-asayis"],"_links":{"self":[{"href":"https:\/\/www.egemtv.com\/index.php?rest_route=\/wp\/v2\/posts\/86828","targetHints":{"allow":["GET"]}}],"collection":[{"href":"https:\/\/www.egemtv.com\/index.php?rest_route=\/wp\/v2\/posts"}],"about":[{"href":"https:\/\/www.egemtv.com\/index.php?rest_route=\/wp\/v2\/types\/post"}],"author":[{"embeddable":true,"href":"https:\/\/www.egemtv.com\/index.php?rest_route=\/wp\/v2\/users\/1"}],"replies":[{"embeddable":true,"href":"https:\/\/www.egemtv.com\/index.php?rest_route=%2Fwp%2Fv2%2Fcomments&post=86828"}],"version-history":[{"count":1,"href":"https:\/\/www.egemtv.com\/index.php?rest_route=\/wp\/v2\/posts\/86828\/revisions"}],"predecessor-version":[{"id":86830,"href":"https:\/\/www.egemtv.com\/index.php?rest_route=\/wp\/v2\/posts\/86828\/revisions\/86830"}],"wp:featuredmedia":[{"embeddable":true,"href":"https:\/\/www.egemtv.com\/index.php?rest_route=\/wp\/v2\/media\/86829"}],"wp:attachment":[{"href":"https:\/\/www.egemtv.com\/index.php?rest_route=%2Fwp%2Fv2%2Fmedia&parent=86828"}],"wp:term":[{"taxonomy":"category","embeddable":true,"href":"https:\/\/www.egemtv.com\/index.php?rest_route=%2Fwp%2Fv2%2Fcategories&post=86828"},{"taxonomy":"post_tag","embeddable":true,"href":"https:\/\/www.egemtv.com\/index.php?rest_route=%2Fwp%2Fv2%2Ftags&post=86828"}],"curies":[{"name":"wp","href":"https:\/\/api.w.org\/{rel}","templated":true}]}}