{"id":86825,"date":"2026-02-10T18:54:41","date_gmt":"2026-02-10T15:54:41","guid":{"rendered":"https:\/\/www.egemtv.com\/?p=86825"},"modified":"2026-02-10T18:54:42","modified_gmt":"2026-02-10T15:54:42","slug":"ak-parti-kutahya-il-baskani-erenler-sultanbagi-kentsel-donusum-projesi-ile-tarih-korunarak-guvenli-yasam-alanlari-olusturulacak","status":"publish","type":"post","link":"https:\/\/www.egemtv.com\/?p=86825","title":{"rendered":"AK Parti K\u00fctahya \u0130l Ba\u015fkan\u0131 Erenler: &#8220;Sultanba\u011f\u0131 Kentsel D\u00f6n\u00fc\u015f\u00fcm Projesi ile tarih korunarak g\u00fcvenli ya\u015fam alanlar\u0131 olu\u015fturulacak&#8221;"},"content":{"rendered":"<p>AK Parti K\u00fctahya \u0130l Ba\u015fkan\u0131 Ceyda \u00c7etin Erenler, Sultanba\u011f\u0131 Kentsel D\u00f6n\u00fc\u015f\u00fcm Projesi ile K\u00fctahya\u2019da kentsel d\u00f6n\u00fc\u015f\u00fcm \u00e7al\u0131\u015fmalar\u0131n\u0131n yeni bir a\u015famaya ge\u00e7ti\u011fini belirtti.<br \/>\n<br \/>Erenler, Cumhurba\u015fkan\u0131 ve AK Parti Genel Ba\u015fkan\u0131 Recep Tayyip Erdo\u011fan\u2019\u0131n 2012 y\u0131l\u0131nda ortaya koydu\u011fu kentsel d\u00f6n\u00fc\u015f\u00fcm vizyonu do\u011frultusunda T\u00fcrkiye genelinde y\u00fcr\u00fct\u00fclen \u00e7al\u0131\u015fmalar\u0131n, K\u00fctahya\u2019da da kararl\u0131l\u0131kla s\u00fcrd\u00fcr\u00fcld\u00fc\u011f\u00fcn\u00fc ifade etti. &#8220;Hi\u00e7bir vatanda\u015f\u0131m\u0131z\u0131 g\u00fcvensiz yap\u0131larda b\u0131rakmayaca\u011f\u0131z&#8221; anlay\u0131\u015f\u0131yla hareket edildi\u011fini vurgulayan Erenler, projenin \u00c7evre, \u015eehircilik ve \u0130klim De\u011fi\u015fikli\u011fi Bakan\u0131 Murat Kurum\u2019un koordinasyonunda, Kentsel D\u00f6n\u00fc\u015f\u00fcm Ba\u015fkanl\u0131\u011f\u0131 taraf\u0131ndan y\u00fcr\u00fct\u00fclece\u011fini kaydetti.<br \/>\n<br \/>Sultanba\u011f\u0131 Kentsel D\u00f6n\u00fc\u015f\u00fcm Projesi\u2019nin, Emlak Konut GYO Genel M\u00fcd\u00fcr\u00fc ve K\u00fctahyal\u0131 Yasir Y\u0131lmaz taraf\u0131ndan kamuoyuna duyuruldu\u011funu hat\u0131rlatan Erenler, projenin K\u00fctahya\u2019n\u0131n tarihi kimli\u011fiyle uyumlu \u015fekilde ilerleyece\u011finin \u00f6zellikle vurguland\u0131\u011f\u0131n\u0131 s\u00f6yledi.<br \/>\n<br \/>Projenin, \u00c7evre, \u015eehircilik ve \u0130klim De\u011fi\u015fikli\u011fi Bakanl\u0131\u011f\u0131 \u00f6nc\u00fcl\u00fc\u011f\u00fcnde, Kentsel D\u00f6n\u00fc\u015f\u00fcm Ba\u015fkanl\u0131\u011f\u0131 koordinasyonunda ve Emlak Konut eliyle hayata ge\u00e7irilece\u011fini belirten Erenler, mahalle dokusuna uygun ve nitelikli bir mimari anlay\u0131\u015f\u0131n esas al\u0131naca\u011f\u0131n\u0131 ifade etti.<br \/>\n<br \/>Sultanba\u011f\u0131\u2019n\u0131n, K\u00fctahya\u2019n\u0131n k\u00f6kl\u00fc \u015fehir haf\u0131zas\u0131na sahip mahallelerinden biri oldu\u011funa dikkat \u00e7eken Erenler, y\u00fcr\u00fct\u00fclecek \u00e7al\u0131\u015fmayla hem g\u00fcvenli ya\u015fam alanlar\u0131n\u0131n olu\u015fturulaca\u011f\u0131n\u0131 hem de b\u00f6lgenin tarih\u00ee dokusunun korunarak gelecek nesillere aktar\u0131laca\u011f\u0131n\u0131 dile getirdi.<\/p>\n<p>&#8220;Proje K\u00fctahya\u2019ya de\u011fer katacak&#8221;<br \/>\n<br \/>A\u00e7\u0131klamada, geleneksel T\u00fcrk evi mimarisini esas alan, az katl\u0131 ve yatay mimari anlay\u0131\u015f\u0131yla planlanan proje sayesinde \u015fehir siluetinin korunaca\u011f\u0131, mahalle \u00f6l\u00e7e\u011finde daha g\u00fcvenli ve ya\u015fanabilir bir \u00e7evre olu\u015fturulaca\u011f\u0131 bildirildi.<br \/>\n<br \/>Projede, mevcut durumda 309 ba\u011f\u0131ms\u0131z b\u00f6l\u00fcm\u00fcn bulundu\u011fu alanda 2+1 ve 3+1 daireler, a\u00e7\u0131k ve kapal\u0131 otoparklar ile ticari \u00fcnitelerin yer alaca\u011f\u0131 kaydedildi. Ayr\u0131ca proje kapsam\u0131nda \u00c7atal \u00c7e\u015fme Camii\u2019nin yenilenerek daha g\u00fcvenli ve nitelikli \u015fekilde yeniden hizmete sunulaca\u011f\u0131 ifade edildi. \u00c7ocuk oyun alanlar\u0131 ve sosyal donat\u0131larla mahalle ya\u015fam\u0131n\u0131n desteklenece\u011fi, Sultanba\u011f\u0131\u2019nda uzun s\u00fcredir ihtiya\u00e7 duyulan d\u00fczenlemelerin a\u015fama a\u015fama hayata ge\u00e7irilece\u011fi belirtildi.<br \/>\n<br \/>Sultanba\u011f\u0131\u2019ndaki d\u00f6n\u00fc\u015f\u00fcm\u00fcn, genellikle TOK\u0130 eliyle y\u00fcr\u00fct\u00fclen projelerden farkl\u0131 olarak Emlak Konut taraf\u0131ndan ger\u00e7ekle\u015ftirilece\u011fine dikkat \u00e7eken Erenler, bu durumun K\u00fctahya\u2019n\u0131n tarih\u00ee dokusuna uygun ve mimari niteli\u011fi y\u00fcksek bir uygulamaya imk\u00e2n sa\u011flayaca\u011f\u0131n\u0131 vurgulad\u0131. Projenin hem mahalleye hem de \u015fehre kal\u0131c\u0131 bir de\u011fer katmas\u0131n\u0131n hedeflendi\u011fini s\u00f6yledi. &#8220;AK Parti \u015fehirleri yaln\u0131zca d\u00f6n\u00fc\u015ft\u00fcrmez; ge\u00e7mi\u015fi koruyarak gelece\u011fi in\u015fa eder&#8221; ifadelerine yer veren Erenler, Sultanba\u011f\u0131\u2019nda at\u0131lan ad\u0131m\u0131n nesilleri d\u00fc\u015f\u00fcnen bir anlay\u0131\u015f\u0131n \u00fcr\u00fcn\u00fc oldu\u011funu belirtti.<br \/><\/p>\n","protected":false},"excerpt":{"rendered":"<p>AK Parti K\u00fctahya \u0130l Ba\u015fkan\u0131 Ceyda \u00c7etin Erenler, Sultanba\u011f\u0131 Kentsel D\u00f6n\u00fc\u015f\u00fcm Projesi ile K\u00fctahya\u2019da kentsel d\u00f6n\u00fc\u015f\u00fcm \u00e7al\u0131\u015fmalar\u0131n\u0131n yeni bir a\u015famaya ge\u00e7ti\u011fini belirtti. Erenler, Cumhurba\u015fkan\u0131 ve AK Parti Genel Ba\u015fkan\u0131 Recep Tayyip Erdo\u011fan\u2019\u0131n 2012 y\u0131l\u0131nda ortaya koydu\u011fu kentsel d\u00f6n\u00fc\u015f\u00fcm vizyonu do\u011frultusunda T\u00fcrkiye genelinde y\u00fcr\u00fct\u00fclen \u00e7al\u0131\u015fmalar\u0131n, K\u00fctahya\u2019da da kararl\u0131l\u0131kla s\u00fcrd\u00fcr\u00fcld\u00fc\u011f\u00fcn\u00fc ifade etti. &#8220;Hi\u00e7bir vatanda\u015f\u0131m\u0131z\u0131 g\u00fcvensiz yap\u0131larda b\u0131rakmayaca\u011f\u0131z&#8221;&#8230;<\/p>\n","protected":false},"author":1,"featured_media":86826,"comment_status":"open","ping_status":"open","sticky":false,"template":"","format":"standard","meta":{"_crdt_document":"","footnotes":""},"categories":[1],"tags":[],"class_list":["post-86825","post","type-post","status-publish","format-standard","has-post-thumbnail","hentry","category-guncel"],"_links":{"self":[{"href":"https:\/\/www.egemtv.com\/index.php?rest_route=\/wp\/v2\/posts\/86825","targetHints":{"allow":["GET"]}}],"collection":[{"href":"https:\/\/www.egemtv.com\/index.php?rest_route=\/wp\/v2\/posts"}],"about":[{"href":"https:\/\/www.egemtv.com\/index.php?rest_route=\/wp\/v2\/types\/post"}],"author":[{"embeddable":true,"href":"https:\/\/www.egemtv.com\/index.php?rest_route=\/wp\/v2\/users\/1"}],"replies":[{"embeddable":true,"href":"https:\/\/www.egemtv.com\/index.php?rest_route=%2Fwp%2Fv2%2Fcomments&post=86825"}],"version-history":[{"count":1,"href":"https:\/\/www.egemtv.com\/index.php?rest_route=\/wp\/v2\/posts\/86825\/revisions"}],"predecessor-version":[{"id":86827,"href":"https:\/\/www.egemtv.com\/index.php?rest_route=\/wp\/v2\/posts\/86825\/revisions\/86827"}],"wp:featuredmedia":[{"embeddable":true,"href":"https:\/\/www.egemtv.com\/index.php?rest_route=\/wp\/v2\/media\/86826"}],"wp:attachment":[{"href":"https:\/\/www.egemtv.com\/index.php?rest_route=%2Fwp%2Fv2%2Fmedia&parent=86825"}],"wp:term":[{"taxonomy":"category","embeddable":true,"href":"https:\/\/www.egemtv.com\/index.php?rest_route=%2Fwp%2Fv2%2Fcategories&post=86825"},{"taxonomy":"post_tag","embeddable":true,"href":"https:\/\/www.egemtv.com\/index.php?rest_route=%2Fwp%2Fv2%2Ftags&post=86825"}],"curies":[{"name":"wp","href":"https:\/\/api.w.org\/{rel}","templated":true}]}}